{"id":9541,"date":"2026-04-28T10:40:27","date_gmt":"2026-04-28T10:40:27","guid":{"rendered":"https:\/\/www.hariduskeskus.ee\/rahvusvaheline\/?p=9541"},"modified":"2026-04-28T11:50:51","modified_gmt":"2026-04-28T11:50:51","slug":"belongtoeu","status":"publish","type":"post","link":"https:\/\/www.hariduskeskus.ee\/rahvusvaheline\/belongtoeu\/","title":{"rendered":"BELONGtoEU \u2013 Euroopa \u00f5piv\u00f5imaluste ja koost\u00f6\u00f6v\u00f5rgustike loomine kutsehariduse arendamiseks"},"content":{"rendered":"\t\t<div data-elementor-type=\"wp-post\" data-elementor-id=\"9541\" class=\"elementor elementor-9541\">\n\t\t\t\t\t\t<section class=\"penci-section penci-disSticky penci-structure-10 elementor-section elementor-top-section elementor-element elementor-element-3bc23f9 elementor-section-boxed elementor-section-height-default elementor-section-height-default\" data-id=\"3bc23f9\" data-element_type=\"section\" data-e-type=\"section\">\n\t\t\t\t\t\t<div class=\"elementor-container elementor-column-gap-default\">\n\t\t\t\t\t<div class=\"penci-ercol-100 penci-ercol-order-1 penci-sticky-ct    elementor-column elementor-col-100 elementor-top-column elementor-element elementor-element-9c06025\" data-id=\"9c06025\" data-element_type=\"column\" data-e-type=\"column\">\n\t\t\t<div class=\"elementor-widget-wrap elementor-element-populated\">\n\t\t\t\t\t\t<div class=\"elementor-element elementor-element-c712690 elementor-widget elementor-widget-image\" data-id=\"c712690\" data-element_type=\"widget\" data-e-type=\"widget\" data-widget_type=\"image.default\">\n\t\t\t\t<div class=\"elementor-widget-container\">\n\t\t\t\t\t\t\t\t\t\t\t\t\t\t\t<img fetchpriority=\"high\" decoding=\"async\" width=\"1024\" height=\"395\" src=\"https:\/\/www.hariduskeskus.ee\/rahvusvaheline\/wp-content\/uploads\/2026\/04\/BELONGtoEU_Logo_1-1024x395.png\" class=\"attachment-large size-large wp-image-9548\" alt=\"\" srcset=\"https:\/\/www.hariduskeskus.ee\/rahvusvaheline\/wp-content\/uploads\/2026\/04\/BELONGtoEU_Logo_1-1024x395.png 1024w, https:\/\/www.hariduskeskus.ee\/rahvusvaheline\/wp-content\/uploads\/2026\/04\/BELONGtoEU_Logo_1-300x116.png 300w, https:\/\/www.hariduskeskus.ee\/rahvusvaheline\/wp-content\/uploads\/2026\/04\/BELONGtoEU_Logo_1-150x58.png 150w, https:\/\/www.hariduskeskus.ee\/rahvusvaheline\/wp-content\/uploads\/2026\/04\/BELONGtoEU_Logo_1-768x296.png 768w, https:\/\/www.hariduskeskus.ee\/rahvusvaheline\/wp-content\/uploads\/2026\/04\/BELONGtoEU_Logo_1-1536x593.png 1536w, https:\/\/www.hariduskeskus.ee\/rahvusvaheline\/wp-content\/uploads\/2026\/04\/BELONGtoEU_Logo_1-1170x452.png 1170w, https:\/\/www.hariduskeskus.ee\/rahvusvaheline\/wp-content\/uploads\/2026\/04\/BELONGtoEU_Logo_1-585x226.png 585w, https:\/\/www.hariduskeskus.ee\/rahvusvaheline\/wp-content\/uploads\/2026\/04\/BELONGtoEU_Logo_1.png 1653w\" sizes=\"(max-width: 1024px) 100vw, 1024px\" \/>\t\t\t\t\t\t\t\t\t\t\t\t\t\t\t<\/div>\n\t\t\t\t<\/div>\n\t\t\t\t\t<\/div>\n\t\t<\/div>\n\t\t\t\t\t<\/div>\n\t\t<\/section>\n\t\t\t\t<section class=\"penci-section penci-disSticky penci-structure-10 elementor-section elementor-top-section elementor-element elementor-element-14a335b7 elementor-section-boxed elementor-section-height-default elementor-section-height-default\" data-id=\"14a335b7\" data-element_type=\"section\" data-e-type=\"section\">\n\t\t\t\t\t\t<div class=\"elementor-container elementor-column-gap-default\">\n\t\t\t\t\t<div class=\"penci-ercol-100 penci-ercol-order-1 penci-sticky-ct    elementor-column elementor-col-100 elementor-top-column elementor-element elementor-element-37ccf939\" data-id=\"37ccf939\" data-element_type=\"column\" data-e-type=\"column\">\n\t\t\t<div class=\"elementor-widget-wrap elementor-element-populated\">\n\t\t\t\t\t\t<div class=\"elementor-element elementor-element-67afc9f4 elementor-widget elementor-widget-text-editor\" data-id=\"67afc9f4\" data-element_type=\"widget\" data-e-type=\"widget\" data-widget_type=\"text-editor.default\">\n\t\t\t\t<div class=\"elementor-widget-container\">\n\t\t\t\t\t\t\t\t\t<h1>BELONGtoEU \u2013 Euroopa \u00f5piv\u00f5imaluste ja koost\u00f6\u00f6v\u00f5rgustike loomine kutsehariduse arendamiseks<\/h1><p><strong>Kestus:<\/strong>\u00a03 aastat (01.11.2025 \u2013 31.10.2028)<br \/><strong>Projekti kood:<\/strong>\u00a0101240715<\/p><p>Projekt\u00a0<strong>BELONGtoEU<\/strong>\u00a0loodi vastusena \u00fchele olulisemale v\u00e4ljakutsele Euroopa haridusruumis: \u00f5pilaste ja \u00f5petajate tajutav kaugus Euroopa Liidust, selle institutsioonidest, v\u00e4\u00e4rtustest ja v\u00f5imalustest.<\/p><p>See kaugus viib\u00a0<strong>madala demokraatliku osaluseni<\/strong>, suurendab\u00a0<strong>euroskeptilisust<\/strong>\u00a0ning muudab noored vastuv\u00f5tlikumaks\u00a0<strong>populismile ja natsionalismile<\/strong>.<\/p><p>Algatuse eesm\u00e4rk on seda l\u00f5het v\u00e4hendada, tugevdades kutsehariduse (VET) \u00f5pilaste ja \u00f5petajate\u00a0<strong>kuuluvustunnet Euroopa Liitu<\/strong>, integreerides s\u00fcstemaatiliselt\u00a0<strong>Euroopa-teemalist sisu ja metoodikaid<\/strong>\u00a0\u00f5ppekavadesse.<\/p><hr \/><h2>Eesm\u00e4rgid<\/h2><p>\u00dcldeesm\u00e4rk on\u00a0<strong>v\u00e4hendada sihtr\u00fchmade tajutavat kaugust Euroopa Liidust<\/strong>.<\/p><p>Konkreetsed eesm\u00e4rgid on:<\/p><ul><li>T\u00f5sta kutsehariduse \u00f5petajate p\u00e4devusi Euroopa-teemadel l\u00e4bi:<ul><li>sihip\u00e4raste koolituste<\/li><li>t\u00f6\u00f6varjutamise (job shadowing)<\/li><li>\u00f5pir\u00e4nde<\/li><li>kaas\u00f5petamise (co-teaching)<\/li><\/ul><\/li><li>Arendada\u00a0<strong>mitmekeelne e-t\u00f6\u00f6riistakast (e-Toolkit)<\/strong>, mis sisaldab:<ul><li>\u00f5ppe\u00fchikuid<\/li><li>koolitusmooduleid<\/li><li>digitaalseid \u00f5ppematerjale<br \/>ning on k\u00e4ttesaadav nii partner- kui ka teistele koolidele<\/li><\/ul><\/li><li>Edendada\u00a0<strong>rahvusvahelist koost\u00f6\u00f6d<\/strong>\u00a0ja luua j\u00e4tkusuutlik v\u00f5rgustik:<ul><li>koolide<\/li><li>\u00fclikoolide<\/li><li>sidusr\u00fchmade<br \/>vahel, kes panustavad Euroopa kodanikutunde edendamisse<\/li><\/ul><\/li><li>Tagada\u00a0<strong>Euroopa-teemalise sisu pikaajaline l\u00f5imimine \u00f5ppekavadesse<\/strong>, tuginedes varasematele kogemustele, nagu projekt\u00a0<em>Europeans of Tomorrow (EoT)<\/em><\/li><\/ul><hr \/><h2>M\u00f5ju ja visioon<\/h2><p>BELONGtoEU ei ole pelgalt haridusprojekt, vaid\u00a0<strong>strateegiline investeering<\/strong>, mille eesm\u00e4rk on:<\/p><ul><li>tugevdada Euroopa identiteeti<\/li><li>suurendada kodanikuaktiivsust<\/li><li>parandada kutsehariduse kvaliteeti<\/li><\/ul><p>Projekt p\u00fc\u00fcab luua\u00a0<strong>\u00fclekantava mudeli<\/strong>, mida saab rakendada \u00fcle Euroopa.<\/p><hr \/><h2>Partnerlus<\/h2><p>Konsortsiumisse kuuluvad:<\/p><ul><li>APRO Formazione (koordinaator)<\/li><li>Piemonte Ida\u00fclikool (Itaalia)<\/li><li>ASUC Boro Petrushevski (P\u00f5hja-Makedoonia)<\/li><li>Galway Technical Institute (Iirimaa)<\/li><li>P\u00e4rnumaa Kutsehariduskeskus (Eesti)<\/li><li>CEBANC (Hispaania)\u00a0<\/li><\/ul><h1>BELONGtoEU \u2013 Building European Learning Opportunities and Networks for Growth in VET<\/h1><p><strong>Duration:<\/strong>\u00a03 years (01\/11\/2025 \u2013 31\/10\/2028)<br \/><strong>Project code:<\/strong>\u00a0101240715<\/p><p>The\u00a0<strong>BELONGtoEU project<\/strong>\u00a0was created to address one of the most significant challenges in the European educational context: the perceived distance of students and teachers from the European Union, its institutions, values, and opportunities.<\/p><p>This distance leads to\u00a0<strong>low democratic participation<\/strong>, increased Euroscepticism, and greater vulnerability among\u00a0young people to\u00a0<strong>populism and nationalism<\/strong>.<\/p><p>The initiative aims to bridge this gap by strengthening students&#8217; and teachers&#8217; sense of belonging to the EU in vocational education and training (VET)\u00a0through the systematic integration of\u00a0<strong>European studies content and methodologies<\/strong>\u00a0into curricula.<\/p><hr \/><h2>Objectives<\/h2><p>The overall objective is to\u00a0<strong>reduce the perceived distance from the EU<\/strong>\u00a0among direct beneficiaries.<\/p><p>The specific objectives are to:<\/p><ul><li>Enhance VET teachers\u2019 competences in European topics through:<ul><li>dedicated training<\/li><li>job shadowing<\/li><li>mobility activities<\/li><li>co-teaching<\/li><\/ul><\/li><li>Develop a\u00a0<strong>multilingual e-Toolkit<\/strong>\u00a0including:<ul><li>teaching units<\/li><li>training modules<\/li><li>digital resources<br \/>accessible to both partner and non-partner schools<\/li><\/ul><\/li><li>Foster\u00a0<strong>transnational cooperation<\/strong>\u00a0and create a sustainable network of:<ul><li>schools<\/li><li>universities<\/li><li>stakeholders<br \/>committed to promoting European citizenship<\/li><\/ul><\/li><li>Ensure the\u00a0<strong>long-term integration of European content<\/strong>\u00a0into school curricula, building on previous experiences such as the\u00a0<em>Europeans of Tomorrow (EoT)<\/em>\u00a0project<\/li><\/ul><hr \/><h2>Impact and Vision<\/h2><p>BELONGtoEU is not just an educational project. It represents a\u00a0<strong>strategic investment<\/strong>\u00a0aimed at:<\/p><ul><li>strengthening European identity<\/li><li>increasing civic participation<\/li><li>improving the quality of vocational education<\/li><\/ul><p>The project seeks to create a\u00a0<strong>replicable model<\/strong>\u00a0that can be adopted across Europe.<\/p><hr \/><h2>Partnership<\/h2><p>The consortium includes:<\/p><ul><li>APRO Formazione (Coordinator)<\/li><li>University of Eastern Piedmont (Italy)<\/li><li>ASUC Boro Petrushevski (North Macedonia)<\/li><li>Galway Technical Institute (Ireland)<\/li><li>P\u00e4rnumaa Vocational Education Centre (Estonia)<\/li><li>CEBANC (Spain)<\/li><\/ul>\t\t\t\t\t\t\t\t<\/div>\n\t\t\t\t<\/div>\n\t\t\t\t\t<\/div>\n\t\t<\/div>\n\t\t\t\t\t<\/div>\n\t\t<\/section>\n\t\t\t\t<\/div>\n\t\t","protected":false},"excerpt":{"rendered":"<p>BELONGtoEU \u2013 Euroopa \u00f5piv\u00f5imaluste ja koost\u00f6\u00f6v\u00f5rgustike loomine kutsehariduse arendamiseks Kestus:\u00a03 aastat (01.11.2025 \u2013 31.10.2028)Projekti kood:\u00a0101240715 Projekt\u00a0BELONGtoEU\u00a0loodi vastusena \u00fchele olulisemale v\u00e4ljakutsele&hellip;<\/p>\n","protected":false},"author":4,"featured_media":9548,"comment_status":"closed","ping_status":"open","sticky":false,"template":"","format":"standard","meta":{"_lmt_disableupdate":"no","_lmt_disable":"","footnotes":""},"categories":[135],"tags":[],"class_list":["post-9541","post","type-post","status-publish","format-standard","has-post-thumbnail","hentry","category-muud"],"_links":{"self":[{"href":"https:\/\/www.hariduskeskus.ee\/rahvusvaheline\/wp-json\/wp\/v2\/posts\/9541","targetHints":{"allow":["GET"]}}],"collection":[{"href":"https:\/\/www.hariduskeskus.ee\/rahvusvaheline\/wp-json\/wp\/v2\/posts"}],"about":[{"href":"https:\/\/www.hariduskeskus.ee\/rahvusvaheline\/wp-json\/wp\/v2\/types\/post"}],"author":[{"embeddable":true,"href":"https:\/\/www.hariduskeskus.ee\/rahvusvaheline\/wp-json\/wp\/v2\/users\/4"}],"replies":[{"embeddable":true,"href":"https:\/\/www.hariduskeskus.ee\/rahvusvaheline\/wp-json\/wp\/v2\/comments?post=9541"}],"version-history":[{"count":7,"href":"https:\/\/www.hariduskeskus.ee\/rahvusvaheline\/wp-json\/wp\/v2\/posts\/9541\/revisions"}],"predecessor-version":[{"id":9551,"href":"https:\/\/www.hariduskeskus.ee\/rahvusvaheline\/wp-json\/wp\/v2\/posts\/9541\/revisions\/9551"}],"wp:featuredmedia":[{"embeddable":true,"href":"https:\/\/www.hariduskeskus.ee\/rahvusvaheline\/wp-json\/wp\/v2\/media\/9548"}],"wp:attachment":[{"href":"https:\/\/www.hariduskeskus.ee\/rahvusvaheline\/wp-json\/wp\/v2\/media?parent=9541"}],"wp:term":[{"taxonomy":"category","embeddable":true,"href":"https:\/\/www.hariduskeskus.ee\/rahvusvaheline\/wp-json\/wp\/v2\/categories?post=9541"},{"taxonomy":"post_tag","embeddable":true,"href":"https:\/\/www.hariduskeskus.ee\/rahvusvaheline\/wp-json\/wp\/v2\/tags?post=9541"}],"curies":[{"name":"wp","href":"https:\/\/api.w.org\/{rel}","templated":true}]}}