{"id":8798,"date":"2024-12-02T13:55:16","date_gmt":"2024-12-02T13:55:16","guid":{"rendered":"https:\/\/www.hariduskeskus.ee\/rahvusvaheline\/?p=8798"},"modified":"2024-12-02T13:56:18","modified_gmt":"2024-12-02T13:56:18","slug":"juri-puidet-ja-roman-sillastu-tuuleenergeetikaga-tutvumas-rootsis","status":"publish","type":"post","link":"https:\/\/www.hariduskeskus.ee\/rahvusvaheline\/juri-puidet-ja-roman-sillastu-tuuleenergeetikaga-tutvumas-rootsis\/","title":{"rendered":"J\u00fcri Puidet ja Roman Sillastu tuuleenergeetikaga tutvumas Rootsis"},"content":{"rendered":"\t\t<div data-elementor-type=\"wp-post\" data-elementor-id=\"8798\" class=\"elementor elementor-8798\">\n\t\t\t\t\t\t<section class=\"penci-section penci-disSticky penci-structure-10 elementor-section elementor-top-section elementor-element elementor-element-0328cef elementor-section-boxed elementor-section-height-default elementor-section-height-default\" data-id=\"0328cef\" data-element_type=\"section\" data-e-type=\"section\">\n\t\t\t\t\t\t<div class=\"elementor-container elementor-column-gap-default\">\n\t\t\t\t\t<div class=\"penci-ercol-100 penci-ercol-order-1 penci-sticky-ct    elementor-column elementor-col-100 elementor-top-column elementor-element elementor-element-0592bab\" data-id=\"0592bab\" data-element_type=\"column\" data-e-type=\"column\">\n\t\t\t<div class=\"elementor-widget-wrap elementor-element-populated\">\n\t\t\t\t\t\t<div class=\"elementor-element elementor-element-8782a55 elementor-widget elementor-widget-text-editor\" data-id=\"8782a55\" data-element_type=\"widget\" data-e-type=\"widget\" data-widget_type=\"text-editor.default\">\n\t\t\t\t<div class=\"elementor-widget-container\">\n\t\t\t\t\t\t\t\t\t<p>18.-22.11 k\u00fclastasid tehnika\u00f5ppeosakonna juhataja ning sama osakonna elektrituuliku tehniku eriala kutse\u00f5petaja Roman Sillastu Erasmus + programmi toel Rootsi tuuleenergeetikaga tegelevaid asutusi. Esimesed kolm p\u00e4eva oldi Malm\u00f6s ettev\u00f5tte \u201eEnercon\u201c v\u00e4lja\u00f5ppekeskuses, kus saime osa firma t\u00f6\u00f6tajate v\u00e4lja\u00f5ppest seda siis kahes valdkonnas, ohutu t\u00f6\u00f6 k\u00f5rgustes koos isikukaitsevahendite kasutamisega ning polt\u00fchenduste pingutamine. V\u00e4lja\u00f5pe oli v\u00e4ga praktiline ning kuna seltskond oli rahvusvaheline toimus see inglise keeles. Saime palju uusi m\u00f5tteid oma v\u00e4lja\u00f5ppe t\u00f5hustamiseks. Oma reisi kaks viimast p\u00e4eva veetsime oma uute s\u00f5prade juures Varbergis. Nimelt asub selles P\u00e4rnu suuruses linnas kutsekool, mis muu hulgas koolitab ka elektrituuliku tehnikuid. Tutvusime kooliga ja tegime koost\u00f6\u00f6plaane. Muu hulgas andsime sealsetele elektrituuliku tehnikutele ka n\u00e4idistunni. Antud kogemus andis palju kogemusi ja infot, kuidas arendada tuuleenergia eriala meie koolis ja leidsime head koost\u00f6\u00f6partnerid tulevikuks.\u00a0<\/p>\t\t\t\t\t\t\t\t<\/div>\n\t\t\t\t<\/div>\n\t\t\t\t\t<\/div>\n\t\t<\/div>\n\t\t\t\t\t<\/div>\n\t\t<\/section>\n\t\t\t\t<section class=\"penci-section penci-disSticky penci-structure-10 elementor-section elementor-top-section elementor-element elementor-element-3f9c552 elementor-section-boxed elementor-section-height-default elementor-section-height-default\" data-id=\"3f9c552\" data-element_type=\"section\" data-e-type=\"section\">\n\t\t\t\t\t\t<div class=\"elementor-container elementor-column-gap-default\">\n\t\t\t\t\t<div class=\"penci-ercol-100 penci-ercol-order-1 penci-sticky-ct    elementor-column elementor-col-100 elementor-top-column elementor-element elementor-element-189c954\" data-id=\"189c954\" data-element_type=\"column\" data-e-type=\"column\">\n\t\t\t<div class=\"elementor-widget-wrap elementor-element-populated\">\n\t\t\t\t\t\t<div class=\"elementor-element elementor-element-0929ae0 elementor-widget elementor-widget-image-gallery\" data-id=\"0929ae0\" data-element_type=\"widget\" data-e-type=\"widget\" data-widget_type=\"image-gallery.default\">\n\t\t\t\t<div class=\"elementor-widget-container\">\n\t\t\t\t\t\t\t<div class=\"elementor-image-gallery\">\n\t\t\t<div data-sliderid=\"45036\" id=\"penci-post-gallery__45036\" class=\"penci-post-gallery-container justified column-4\" data-height=\"150\" data-margin=\"3\"><a class=\"penci-gallery-ite item-gallery-justified\" href=\"https:\/\/www.hariduskeskus.ee\/rahvusvaheline\/wp-content\/uploads\/2024\/12\/20241122_104105-scaled.jpg\" data-rel=\"penci-gallery-image-content\" ><img decoding=\"async\" src=\"https:\/\/www.hariduskeskus.ee\/rahvusvaheline\/wp-content\/uploads\/2024\/12\/20241122_104105-585x780.jpg\" alt=\"\" title=\"20241122_104105\"><\/a><a class=\"penci-gallery-ite item-gallery-justified\" href=\"https:\/\/www.hariduskeskus.ee\/rahvusvaheline\/wp-content\/uploads\/2024\/12\/20241119_124525-scaled.jpg\" data-rel=\"penci-gallery-image-content\" ><img decoding=\"async\" src=\"https:\/\/www.hariduskeskus.ee\/rahvusvaheline\/wp-content\/uploads\/2024\/12\/20241119_124525-585x780.jpg\" alt=\"\" title=\"20241119_124525\"><\/a><a class=\"penci-gallery-ite item-gallery-justified\" href=\"https:\/\/www.hariduskeskus.ee\/rahvusvaheline\/wp-content\/uploads\/2024\/12\/20241118_142113-scaled.jpg\" data-rel=\"penci-gallery-image-content\" ><img decoding=\"async\" src=\"https:\/\/www.hariduskeskus.ee\/rahvusvaheline\/wp-content\/uploads\/2024\/12\/20241118_142113-585x780.jpg\" alt=\"\" title=\"20241118_142113\"><\/a><a class=\"penci-gallery-ite item-gallery-justified\" href=\"https:\/\/www.hariduskeskus.ee\/rahvusvaheline\/wp-content\/uploads\/2024\/12\/20241118_142323-scaled-e1733147730677.jpg\" data-rel=\"penci-gallery-image-content\" ><img decoding=\"async\" src=\"https:\/\/www.hariduskeskus.ee\/rahvusvaheline\/wp-content\/uploads\/2024\/12\/20241118_142323-scaled-e1733147730677-585x905.jpg\" alt=\"\" title=\"20241118_142323\"><\/a><\/div>\t\t<\/div>\n\t\t\t\t\t\t<\/div>\n\t\t\t\t<\/div>\n\t\t\t\t\t<\/div>\n\t\t<\/div>\n\t\t\t\t\t<\/div>\n\t\t<\/section>\n\t\t\t\t<\/div>\n\t\t","protected":false},"excerpt":{"rendered":"<p>18.-22.11 k\u00fclastasid tehnika\u00f5ppeosakonna juhataja ning sama osakonna elektrituuliku tehniku eriala kutse\u00f5petaja Roman Sillastu Erasmus + programmi toel Rootsi tuuleenergeetikaga tegelevaid&hellip;<\/p>\n","protected":false},"author":4,"featured_media":8802,"comment_status":"closed","ping_status":"open","sticky":false,"template":"","format":"standard","meta":{"_lmt_disableupdate":"no","_lmt_disable":"","footnotes":""},"categories":[140,66],"tags":[],"class_list":["post-8798","post","type-post","status-publish","format-standard","has-post-thumbnail","hentry","category-2024-2025-tootajad","category-rahvusvaheline-koostoo"],"_links":{"self":[{"href":"https:\/\/www.hariduskeskus.ee\/rahvusvaheline\/wp-json\/wp\/v2\/posts\/8798","targetHints":{"allow":["GET"]}}],"collection":[{"href":"https:\/\/www.hariduskeskus.ee\/rahvusvaheline\/wp-json\/wp\/v2\/posts"}],"about":[{"href":"https:\/\/www.hariduskeskus.ee\/rahvusvaheline\/wp-json\/wp\/v2\/types\/post"}],"author":[{"embeddable":true,"href":"https:\/\/www.hariduskeskus.ee\/rahvusvaheline\/wp-json\/wp\/v2\/users\/4"}],"replies":[{"embeddable":true,"href":"https:\/\/www.hariduskeskus.ee\/rahvusvaheline\/wp-json\/wp\/v2\/comments?post=8798"}],"version-history":[{"count":4,"href":"https:\/\/www.hariduskeskus.ee\/rahvusvaheline\/wp-json\/wp\/v2\/posts\/8798\/revisions"}],"predecessor-version":[{"id":8806,"href":"https:\/\/www.hariduskeskus.ee\/rahvusvaheline\/wp-json\/wp\/v2\/posts\/8798\/revisions\/8806"}],"wp:featuredmedia":[{"embeddable":true,"href":"https:\/\/www.hariduskeskus.ee\/rahvusvaheline\/wp-json\/wp\/v2\/media\/8802"}],"wp:attachment":[{"href":"https:\/\/www.hariduskeskus.ee\/rahvusvaheline\/wp-json\/wp\/v2\/media?parent=8798"}],"wp:term":[{"taxonomy":"category","embeddable":true,"href":"https:\/\/www.hariduskeskus.ee\/rahvusvaheline\/wp-json\/wp\/v2\/categories?post=8798"},{"taxonomy":"post_tag","embeddable":true,"href":"https:\/\/www.hariduskeskus.ee\/rahvusvaheline\/wp-json\/wp\/v2\/tags?post=8798"}],"curies":[{"name":"wp","href":"https:\/\/api.w.org\/{rel}","templated":true}]}}