{"id":8500,"date":"2024-08-20T08:36:29","date_gmt":"2024-08-20T08:36:29","guid":{"rendered":"https:\/\/www.hariduskeskus.ee\/rahvusvaheline\/?p=8500"},"modified":"2025-02-10T13:57:25","modified_gmt":"2025-02-10T13:57:25","slug":"mobility-makes-us-professionals-xi","status":"publish","type":"post","link":"https:\/\/www.hariduskeskus.ee\/rahvusvaheline\/mobility-makes-us-professionals-xi\/","title":{"rendered":"Mobility Makes Us Professionals XI"},"content":{"rendered":"<p><img decoding=\"async\" src=\"https:\/\/www.hariduskeskus.ee\/rahvusvaheline\/wp-content\/uploads\/2024\/05\/Erasmus-sinine-300x76.png\" sizes=\"(max-width: 300px) 100vw, 300px\" srcset=\"https:\/\/www.hariduskeskus.ee\/rahvusvaheline\/wp-content\/uploads\/2024\/05\/Erasmus-sinine-300x76.png 300w, https:\/\/www.hariduskeskus.ee\/rahvusvaheline\/wp-content\/uploads\/2024\/05\/Erasmus-sinine-1024x259.png 1024w, https:\/\/www.hariduskeskus.ee\/rahvusvaheline\/wp-content\/uploads\/2024\/05\/Erasmus-sinine-768x194.png 768w, https:\/\/www.hariduskeskus.ee\/rahvusvaheline\/wp-content\/uploads\/2024\/05\/Erasmus-sinine-1536x389.png 1536w, https:\/\/www.hariduskeskus.ee\/rahvusvaheline\/wp-content\/uploads\/2024\/05\/Erasmus-sinine-1170x296.png 1170w, https:\/\/www.hariduskeskus.ee\/rahvusvaheline\/wp-content\/uploads\/2024\/05\/Erasmus-sinine-585x148.png 585w, https:\/\/www.hariduskeskus.ee\/rahvusvaheline\/wp-content\/uploads\/2024\/05\/Erasmus-sinine.png 1754w\" alt=\"\" width=\"300\" height=\"76\" \/> \u00a0<img decoding=\"async\" src=\"https:\/\/www.hariduskeskus.ee\/rahvusvaheline\/wp-content\/uploads\/2024\/05\/ET_Co-fundedbytheEU_RGB_Monochrome-1-300x75.png\" sizes=\"(max-width: 300px) 100vw, 300px\" srcset=\"https:\/\/www.hariduskeskus.ee\/rahvusvaheline\/wp-content\/uploads\/2024\/05\/ET_Co-fundedbytheEU_RGB_Monochrome-1-300x75.png 300w, https:\/\/www.hariduskeskus.ee\/rahvusvaheline\/wp-content\/uploads\/2024\/05\/ET_Co-fundedbytheEU_RGB_Monochrome-1-1024x257.png 1024w, https:\/\/www.hariduskeskus.ee\/rahvusvaheline\/wp-content\/uploads\/2024\/05\/ET_Co-fundedbytheEU_RGB_Monochrome-1-768x193.png 768w, https:\/\/www.hariduskeskus.ee\/rahvusvaheline\/wp-content\/uploads\/2024\/05\/ET_Co-fundedbytheEU_RGB_Monochrome-1-1536x386.png 1536w, https:\/\/www.hariduskeskus.ee\/rahvusvaheline\/wp-content\/uploads\/2024\/05\/ET_Co-fundedbytheEU_RGB_Monochrome-1-2048x515.png 2048w, https:\/\/www.hariduskeskus.ee\/rahvusvaheline\/wp-content\/uploads\/2024\/05\/ET_Co-fundedbytheEU_RGB_Monochrome-1-1920x483.png 1920w, https:\/\/www.hariduskeskus.ee\/rahvusvaheline\/wp-content\/uploads\/2024\/05\/ET_Co-fundedbytheEU_RGB_Monochrome-1-1170x294.png 1170w, https:\/\/www.hariduskeskus.ee\/rahvusvaheline\/wp-content\/uploads\/2024\/05\/ET_Co-fundedbytheEU_RGB_Monochrome-1-585x147.png 585w\" alt=\"\" width=\"300\" height=\"75\" \/><\/p>\n<p><strong>Projektiperiood: 01.06.2024-31.08.2025<\/strong><b><br \/>\nProjekti nr:\u00a0\u00a02024-1-EE01-KA121-VET-000209761<\/b><!--more--><\/p>\n<p>\u00d5pir\u00e4ndeprojekti raames toimub \u00f5ppijate ja \u00e4sja l\u00f5petanute\u00a0praktika v\u00e4lisriigi ettev\u00f5tetes, haridust\u00f6\u00f6tajate eneset\u00e4iendamine v\u00e4lisriigis (t\u00f6\u00f6varjutamine ja tundide andmine kutsekoolides) ning 2 v\u00e4lispraktikut tulevad meie kooliperele t\u00e4iendavaid teadmisi jagama.<\/p>\n<p>K\u00c4ESOLEVA PROJEKTI EESM\u00c4RGID ON:<\/p>\n<p>1. T\u00e4iendada, s\u00fcvendada, kinnistada ja arendada \u00f5pir\u00e4ndes osalejate kutse- ja ametialaseid teadmisi, oskuseid ja kompetentse ning tagada nende vastavus Eesti ja Euroopa t\u00f6\u00f6turu vajadustele.<br \/>\n2. Kinnistada osalejate teoreetilised teadmised ja oskused l\u00e4bi praktiliste tegevuste harjutamise vilumusteks.<br \/>\n3. Toetada projektis osalejate v\u00f5tmep\u00e4devuste, sotsiaalsete oskuste ja hoiakute, isikuomaduste arendamist l\u00e4bi rahvusvahelise \u00f5pir\u00e4nde.<br \/>\n4. Suurendada \u00f5pir\u00e4ndes osalejate \u00f5pi- ja t\u00f6\u00f6motivatsiooni ning konkurentsiv\u00f5imelisust.<br \/>\n5. T\u00f5sta \u00f5ppet\u00f6\u00f6 kvaliteeti koolis l\u00e4bi \u00f5petajate mobiilsuskogemuse rakendamise saatvas ja vastuv\u00f5tvas organisatsioonis.<br \/>\n6. Aidata kaasa kutse\u00f5ppe taseme \u00fchtlustamisele Euroopa tasandil l\u00e4bi ECVET p\u00f5him\u00f5tete kasutamise.<\/p>\n<p>Projekti eesm\u00e4rgid l\u00e4htusid P\u00e4rnumaa Kutsehariduskeskuse arengukavast ja rahvusvahelistumise strateegiast.<\/p>\n<p>TEGEVUSED:<\/p>\n<p>\u2013 Kutse\u00f5ppurite l\u00fchiajaline \u00f5pir\u00e4nne (Short term mobility of VET learners, 2 n\u00e4dalat- 3 kuud)<\/p>\n<p>\u2013 Kutse\u00f5ppurite pikaajaline \u00f5pir\u00e4nne (ErasmusPro \u2013 Mobility of VET learners, 3 kuud- 6 kuud)<\/p>\n<p>\u2013 Haridust\u00f6\u00f6tajate t\u00f6\u00f6varjutamine v\u00e4lisriigis<\/p>\n<p>\u2013 \u00d5petamine v\u00e4lisriigis<\/p>\n<p>\u2013 Kursustel ja koolitustel osalemine<\/p>\n<p>\u2013 Kutsev\u00f5istlustel osalemine<\/p>\n<p>\u2013 Kutsutud v\u00e4lisekperdid<\/p>\n<p>Lisainfo:<br \/>\nKarmen Torin \u2013 projektijuht<br \/>\n<a href=\"mailto:karmen.torin@hariduskeskus.ee\">karmen.torin@hariduskeskus.ee<\/a><br \/>\nTeele Luks \u2013 projektijuht<br \/>\n<a href=\"mailto:teele.luks@hariduskeskus.ee\">teele.luks@hariduskeskus.ee<\/a><\/p>\n<p>Kabinet A 220<\/p>\n<p>J\u00e4lgi projektidega seonduvad instagramis: erasmuspkhk v\u00f5i meie kodulehel\u00a0<a href=\"https:\/\/www.hariduskeskus.ee\/rahvusvaheline\/\" target=\"_blank\" rel=\"noopener\">https:\/\/www.hariduskeskus.ee\/rahvusvaheline\/<\/a><\/p>\n","protected":false},"excerpt":{"rendered":"<p>\u00a0 Projektiperiood: 01.06.2024-31.08.2025 Projekti nr:\u00a0\u00a02024-1-EE01-KA121-VET-000209761<\/p>\n","protected":false},"author":4,"featured_media":9346,"comment_status":"closed","ping_status":"open","sticky":false,"template":"","format":"standard","meta":{"_lmt_disableupdate":"no","_lmt_disable":"","footnotes":""},"categories":[136],"tags":[],"class_list":["post-8500","post","type-post","status-publish","format-standard","has-post-thumbnail","hentry","category-ka1"],"_links":{"self":[{"href":"https:\/\/www.hariduskeskus.ee\/rahvusvaheline\/wp-json\/wp\/v2\/posts\/8500","targetHints":{"allow":["GET"]}}],"collection":[{"href":"https:\/\/www.hariduskeskus.ee\/rahvusvaheline\/wp-json\/wp\/v2\/posts"}],"about":[{"href":"https:\/\/www.hariduskeskus.ee\/rahvusvaheline\/wp-json\/wp\/v2\/types\/post"}],"author":[{"embeddable":true,"href":"https:\/\/www.hariduskeskus.ee\/rahvusvaheline\/wp-json\/wp\/v2\/users\/4"}],"replies":[{"embeddable":true,"href":"https:\/\/www.hariduskeskus.ee\/rahvusvaheline\/wp-json\/wp\/v2\/comments?post=8500"}],"version-history":[{"count":5,"href":"https:\/\/www.hariduskeskus.ee\/rahvusvaheline\/wp-json\/wp\/v2\/posts\/8500\/revisions"}],"predecessor-version":[{"id":9113,"href":"https:\/\/www.hariduskeskus.ee\/rahvusvaheline\/wp-json\/wp\/v2\/posts\/8500\/revisions\/9113"}],"wp:featuredmedia":[{"embeddable":true,"href":"https:\/\/www.hariduskeskus.ee\/rahvusvaheline\/wp-json\/wp\/v2\/media\/9346"}],"wp:attachment":[{"href":"https:\/\/www.hariduskeskus.ee\/rahvusvaheline\/wp-json\/wp\/v2\/media?parent=8500"}],"wp:term":[{"taxonomy":"category","embeddable":true,"href":"https:\/\/www.hariduskeskus.ee\/rahvusvaheline\/wp-json\/wp\/v2\/categories?post=8500"},{"taxonomy":"post_tag","embeddable":true,"href":"https:\/\/www.hariduskeskus.ee\/rahvusvaheline\/wp-json\/wp\/v2\/tags?post=8500"}],"curies":[{"name":"wp","href":"https:\/\/api.w.org\/{rel}","templated":true}]}}