{"id":7938,"date":"2024-05-06T10:12:11","date_gmt":"2024-05-06T10:12:11","guid":{"rendered":"https:\/\/www.hariduskeskus.ee\/rahvusvaheline\/?p=7938"},"modified":"2024-05-20T11:12:31","modified_gmt":"2024-05-20T11:12:31","slug":"mobility-makes-us-professionals-viii","status":"publish","type":"post","link":"https:\/\/www.hariduskeskus.ee\/rahvusvaheline\/mobility-makes-us-professionals-viii\/","title":{"rendered":"Mobility Makes Us Professionals VIII"},"content":{"rendered":"<p><img decoding=\"async\" class=\"alignnone size-medium wp-image-7939\" src=\"https:\/\/www.hariduskeskus.ee\/rahvusvaheline\/wp-content\/uploads\/2024\/05\/Erasmus-sinine-300x76.png\" alt=\"\" width=\"300\" height=\"76\" srcset=\"https:\/\/www.hariduskeskus.ee\/rahvusvaheline\/wp-content\/uploads\/2024\/05\/Erasmus-sinine-300x76.png 300w, https:\/\/www.hariduskeskus.ee\/rahvusvaheline\/wp-content\/uploads\/2024\/05\/Erasmus-sinine-1024x259.png 1024w, https:\/\/www.hariduskeskus.ee\/rahvusvaheline\/wp-content\/uploads\/2024\/05\/Erasmus-sinine-768x194.png 768w, https:\/\/www.hariduskeskus.ee\/rahvusvaheline\/wp-content\/uploads\/2024\/05\/Erasmus-sinine-1536x389.png 1536w, https:\/\/www.hariduskeskus.ee\/rahvusvaheline\/wp-content\/uploads\/2024\/05\/Erasmus-sinine-1170x296.png 1170w, https:\/\/www.hariduskeskus.ee\/rahvusvaheline\/wp-content\/uploads\/2024\/05\/Erasmus-sinine-585x148.png 585w, https:\/\/www.hariduskeskus.ee\/rahvusvaheline\/wp-content\/uploads\/2024\/05\/Erasmus-sinine.png 1754w\" sizes=\"(max-width: 300px) 100vw, 300px\" \/>\u00a0 \u00a0 \u00a0 \u00a0 \u00a0 \u00a0 <img decoding=\"async\" class=\"alignnone size-medium wp-image-7940\" src=\"https:\/\/www.hariduskeskus.ee\/rahvusvaheline\/wp-content\/uploads\/2024\/05\/ET_Co-fundedbytheEU_RGB_Monochrome-1-300x75.png\" alt=\"\" width=\"300\" height=\"75\" srcset=\"https:\/\/www.hariduskeskus.ee\/rahvusvaheline\/wp-content\/uploads\/2024\/05\/ET_Co-fundedbytheEU_RGB_Monochrome-1-300x75.png 300w, https:\/\/www.hariduskeskus.ee\/rahvusvaheline\/wp-content\/uploads\/2024\/05\/ET_Co-fundedbytheEU_RGB_Monochrome-1-1024x257.png 1024w, https:\/\/www.hariduskeskus.ee\/rahvusvaheline\/wp-content\/uploads\/2024\/05\/ET_Co-fundedbytheEU_RGB_Monochrome-1-768x193.png 768w, https:\/\/www.hariduskeskus.ee\/rahvusvaheline\/wp-content\/uploads\/2024\/05\/ET_Co-fundedbytheEU_RGB_Monochrome-1-1536x386.png 1536w, https:\/\/www.hariduskeskus.ee\/rahvusvaheline\/wp-content\/uploads\/2024\/05\/ET_Co-fundedbytheEU_RGB_Monochrome-1-2048x515.png 2048w, https:\/\/www.hariduskeskus.ee\/rahvusvaheline\/wp-content\/uploads\/2024\/05\/ET_Co-fundedbytheEU_RGB_Monochrome-1-1920x483.png 1920w, https:\/\/www.hariduskeskus.ee\/rahvusvaheline\/wp-content\/uploads\/2024\/05\/ET_Co-fundedbytheEU_RGB_Monochrome-1-1170x294.png 1170w, https:\/\/www.hariduskeskus.ee\/rahvusvaheline\/wp-content\/uploads\/2024\/05\/ET_Co-fundedbytheEU_RGB_Monochrome-1-585x147.png 585w\" sizes=\"(max-width: 300px) 100vw, 300px\" \/><\/p>\n<p><b>Projekti periood: 20.07.2020 &#8211; 19.07.2022<br \/>\nProjekti nr: 2020-1-EE01-KA116-077614<\/b><\/p>\n<p>\u00d5pir\u00e4ndeprojekti raames toimub \u00f5ppijate ja \u00e4sja l\u00f5petanute\u00a0praktika v\u00e4lisriigi ettev\u00f5tetes, haridust\u00f6\u00f6tajate eneset\u00e4iendamine v\u00e4lisriigis (t\u00f6\u00f6varjutamine ja tundide andmine kutsekoolides).<\/p>\n<p>K\u00c4ESOLEVA PROJEKTI EESM\u00c4RGID ON:<\/p>\n<p>1. T\u00e4iendada, s\u00fcvendada, kinnistada ja arendada \u00f5pir\u00e4ndes osalejate kutse- ja ametialaseid teadmisi, oskuseid ja kompetentse ning tagada nende vastavus Eesti ja Euroopa t\u00f6\u00f6turu vajadustele.<br \/>\n2. Kinnistada osalejate teoreetilised teadmised ja oskused l\u00e4bi praktiliste tegevuste harjutamise vilumusteks.<br \/>\n3. Toetada projektis osalejate v\u00f5tmep\u00e4devuste, sotsiaalsete oskuste ja hoiakute, isikuomaduste arendamist l\u00e4bi rahvusvahelise \u00f5pir\u00e4nde.<br \/>\n4. Suurendada \u00f5pir\u00e4ndes osalejate \u00f5pi- ja t\u00f6\u00f6motivatsiooni ning konkurentsiv\u00f5imelisust.<br \/>\n5. T\u00f5sta \u00f5ppet\u00f6\u00f6 kvaliteeti koolis l\u00e4bi \u00f5petajate mobiilsuskogemuse rakendamise saatvas ja vastuv\u00f5tvas organisatsioonis.<br \/>\n6. Aidata kaasa kutse\u00f5ppe taseme \u00fchtlustamisele Euroopa tasandil l\u00e4bi ECVET p\u00f5him\u00f5tete kasutamise.<\/p>\n<p>Projekti eesm\u00e4rgid l\u00e4htusid P\u00e4rnumaa Kutsehariduskeskuse arengukavast ja rahvusvahelistumise strateegiast.<\/p>\n<p>TEGEVUSED:<br \/>\n&#8211; Haridust\u00f6\u00f6tajate koolitus v\u00e4lisriigis (Staff training abroad);<\/p>\n<p>&#8211; Kutse\u00f5ppurite l\u00fchiajaline \u00f5pir\u00e4nne (Short term mobility of VET learners, 2 n\u00e4dalat- 3 kuud)<\/p>\n<p>&#8211; Kutse\u00f5ppurite pikaajaline \u00f5pir\u00e4nne (ErasmusPro &#8211; Mobility of VET learners, 3 kuud- 6 kuud)<\/p>\n<p>TULEMUSED JA M\u00d5JU:<br \/>\nK\u00e4esoleva \u00f5pir\u00e4ndeprojekti raames toimus kokku 130 \u00f5pilase praktika v\u00e4lisriigi ettev\u00f5tetes ning 74 haridust\u00f6\u00f6tajat k\u00e4is end erialaselt t\u00e4iendamas (erialane sta\u017eeerimine v\u00f5i vaatluspraktika v\u00e4lisriigi ettev\u00f5tetes,<br \/>\nt\u00f6\u00f6varjutamine v\u00e4lisriigi kutseharidusasutustes).<\/p>\n<p>\u00d5pir\u00e4nde k\u00e4igus osalejad t\u00e4iendasid, s\u00fcvendasid, kinnistasid ja arendasid oma kutse- ja ametialaseid teadmisi, oskuseid, kvalifikatsioone ja kompetentse. \u00d5pir\u00e4ndes osalejad on selle tulemusena konkurentsiv\u00f5imelisemad Eesti ja Euroopa t\u00f6\u00f6turul, kutse- ja ametialased teadmised ja oskused on t\u00f5usnud vastavalt t\u00f6\u00f6turu vajadustele. \u00d5pir\u00e4ndes osalejad kasutasid kaasaegseid tehnikaid ja tehnoloogiat, uusi innovaatilisi t\u00f6\u00f6v\u00f5tteid ettev\u00f5ttes, mis t\u00f5stis nende konkurentsiv\u00f5imekust ning toetas kohalike ettev\u00f5tete arengut l\u00e4bi tulevase t\u00f6\u00f6j\u00f5u uuenenud teadmiste ja oskuste, mida rakendatakse tulevikus t\u00f6\u00f6kohal. V\u00e4lispraktika k\u00e4igus arendati v\u00f5tmep\u00e4devusi, omandati meeskonnat\u00f6\u00f6, keelelise ja kultuurilise suhtluse oskuseid ja noored on v\u00f5imelised multikultuurses keskkonnas edukalt toimima. Saadud kogemused arendasid osaleja silmaringi, avatust suhtlemisel, paindlikkust ja kohanemisv\u00f5imet, suhtlemis- ja sotsiaalseid oskuseid, koost\u00f6\u00f6oskust, iseseisvust, algatusv\u00f5imet ja parandas enesekindlust, muutes nad atraktiivsemaks t\u00f6\u00f6turul. V\u00e4hem oluliseks ei saa pidada v\u00f5\u00f5rkeele oskuse paranemist kuna multikultuurne t\u00f6\u00f6keskkond vajab hea v\u00f5\u00f5rkeeleoskusega t\u00f6\u00f6tajaid. \u00d5pir\u00e4ndes osalenud suudavad paremini toime tulla rahvusvahelises t\u00f6\u00f6keskkonnas, on rohkem avatud innovatsioonile ning suudavad paremini kohaneda t\u00f6\u00f6turu uute vajadustega.<\/p>\n<p>Projekt t\u00e4itis P\u00e4rnumaa KHK arengukavast tulenevaid eesm\u00e4rke, sellest tulenevaid osakondade tegevuskavade eesm\u00e4rke ning rahvusvahelistumise strateegias p\u00fcstitatud eesm\u00e4rke. Projekti tulemusena paranes ja hoogustus rahvusvaheline koost\u00f6\u00f6 erinevate partnerorganisatsioonidega toetamaks nii organisatsioonide, t\u00f6\u00f6protsesside kui ka \u00f5ppekavade arengut. Partnerorganisatsioonid said tagasisidet \u00f5pir\u00e4ndes osalejate oskuste ja teadmiste kohta ning \u00fclevaate meie \u00f5petuse tasemest rahvusvahelises kontekstis. Kutseharidust\u00f6\u00f6tajad said kaasajastada teadmisi t\u00f6\u00f6maailmas toimuvast l\u00e4bi praktilise \u00f5ppimiskogemuse, edendati koost\u00f6\u00f6d ja kogemustevahetust nii programmis osalevate riikide kutseharidusasutuste kui t\u00f6\u00f6maailma esindajate vahel.\u00a0Rahvusvahelistumine on toodud Eesti hariduse v\u00e4ljakutsena riiklikes haridusstrateegilistes dokumentides, seega aitas projekt kaasa ka Eesti hariduse eesm\u00e4rkide t\u00e4itmisele pikemaajaliselt.<\/p>\n<p>Lisainfo:<br \/>\nKarmen Torin &#8211; projektijuht<br \/>\n<a href=\"mailto:karmen.torin@hariduskeskus.ee\">karmen.torin@hariduskeskus.ee<\/a><br \/>\nTeele Luks \u2013 projektijuht<br \/>\n<a href=\"mailto:teele.luks@hariduskeskus.ee\">teele.luks@hariduskeskus.ee<\/a><\/p>\n<p>Kabinet A 220<\/p>\n","protected":false},"excerpt":{"rendered":"<p>\u00a0 \u00a0 \u00a0 \u00a0 \u00a0 \u00a0 Projekti periood: 20.07.2020 &#8211; 19.07.2022 Projekti nr: 2020-1-EE01-KA116-077614 \u00d5pir\u00e4ndeprojekti raames toimub \u00f5ppijate ja \u00e4sja&hellip;<\/p>\n","protected":false},"author":4,"featured_media":9346,"comment_status":"closed","ping_status":"open","sticky":false,"template":"","format":"standard","meta":{"_lmt_disableupdate":"no","_lmt_disable":"","footnotes":""},"categories":[136],"tags":[],"class_list":["post-7938","post","type-post","status-publish","format-standard","has-post-thumbnail","hentry","category-ka1"],"_links":{"self":[{"href":"https:\/\/www.hariduskeskus.ee\/rahvusvaheline\/wp-json\/wp\/v2\/posts\/7938","targetHints":{"allow":["GET"]}}],"collection":[{"href":"https:\/\/www.hariduskeskus.ee\/rahvusvaheline\/wp-json\/wp\/v2\/posts"}],"about":[{"href":"https:\/\/www.hariduskeskus.ee\/rahvusvaheline\/wp-json\/wp\/v2\/types\/post"}],"author":[{"embeddable":true,"href":"https:\/\/www.hariduskeskus.ee\/rahvusvaheline\/wp-json\/wp\/v2\/users\/4"}],"replies":[{"embeddable":true,"href":"https:\/\/www.hariduskeskus.ee\/rahvusvaheline\/wp-json\/wp\/v2\/comments?post=7938"}],"version-history":[{"count":5,"href":"https:\/\/www.hariduskeskus.ee\/rahvusvaheline\/wp-json\/wp\/v2\/posts\/7938\/revisions"}],"predecessor-version":[{"id":8241,"href":"https:\/\/www.hariduskeskus.ee\/rahvusvaheline\/wp-json\/wp\/v2\/posts\/7938\/revisions\/8241"}],"wp:featuredmedia":[{"embeddable":true,"href":"https:\/\/www.hariduskeskus.ee\/rahvusvaheline\/wp-json\/wp\/v2\/media\/9346"}],"wp:attachment":[{"href":"https:\/\/www.hariduskeskus.ee\/rahvusvaheline\/wp-json\/wp\/v2\/media?parent=7938"}],"wp:term":[{"taxonomy":"category","embeddable":true,"href":"https:\/\/www.hariduskeskus.ee\/rahvusvaheline\/wp-json\/wp\/v2\/categories?post=7938"},{"taxonomy":"post_tag","embeddable":true,"href":"https:\/\/www.hariduskeskus.ee\/rahvusvaheline\/wp-json\/wp\/v2\/tags?post=7938"}],"curies":[{"name":"wp","href":"https:\/\/api.w.org\/{rel}","templated":true}]}}