{"id":7632,"date":"2024-01-15T14:52:36","date_gmt":"2024-01-15T14:52:36","guid":{"rendered":"https:\/\/www.hariduskeskus.ee\/rahvusvaheline\/?p=7632"},"modified":"2024-01-15T14:58:37","modified_gmt":"2024-01-15T14:58:37","slug":"haridustootaja-inge-kaarik-osales-erasmus-kiirendi-seminaril-14-16-11-2023-horvaatia-zagrebis","status":"publish","type":"post","link":"https:\/\/www.hariduskeskus.ee\/rahvusvaheline\/haridustootaja-inge-kaarik-osales-erasmus-kiirendi-seminaril-14-16-11-2023-horvaatia-zagrebis\/","title":{"rendered":"Haridust\u00f6\u00f6taja Inge K\u00e4\u00e4rik osales Erasmus+ kiirendi seminaril 14.-16.11.2023 Horvaatia, Zagrebis"},"content":{"rendered":"\t\t<div data-elementor-type=\"wp-post\" data-elementor-id=\"7632\" class=\"elementor elementor-7632\">\n\t\t\t\t\t\t<section class=\"penci-section penci-disSticky penci-structure-10 elementor-section elementor-top-section elementor-element elementor-element-318dd54 elementor-section-boxed elementor-section-height-default elementor-section-height-default\" data-id=\"318dd54\" data-element_type=\"section\" data-e-type=\"section\">\n\t\t\t\t\t\t<div class=\"elementor-container elementor-column-gap-default\">\n\t\t\t\t\t<div class=\"penci-ercol-100 penci-ercol-order-1 penci-sticky-ct    elementor-column elementor-col-100 elementor-top-column elementor-element elementor-element-6c31e7d\" data-id=\"6c31e7d\" data-element_type=\"column\" data-e-type=\"column\">\n\t\t\t<div class=\"elementor-widget-wrap elementor-element-populated\">\n\t\t\t\t\t\t<div class=\"elementor-element elementor-element-b7ca640 elementor-widget elementor-widget-text-editor\" data-id=\"b7ca640\" data-element_type=\"widget\" data-e-type=\"widget\" data-widget_type=\"text-editor.default\">\n\t\t\t\t<div class=\"elementor-widget-container\">\n\t\t\t\t\t\t\t\t\t<p>Teenindus\u00f5ppeosakonna juhataja aset\u00e4itja Inge K\u00e4\u00e4rik osales Erasmus+ kiirendi \u00fcritusel<strong> &#8220;<\/strong><span style=\"font-weight: 400;\"><strong>Kaasatus ja mitmekesisus Erasmus+ projektides&#8221; (Embrace inclusion and diversity in your Erasmus+ projects)<\/strong> Horvaatia pealinnas Zagrebis 14.-16.11.2023.\u00a0<\/span><\/p><p><span style=\"font-weight: 400;\">Antud seminar oli \u00fclesehitatud v\u00e4ga p\u00f5nevalt. See koosnes erinevatest etappidest \u2013 loengutest, praktilistest t\u00f6\u00f6dest, k\u00fclalislektorite esitlustest ja ka \u00f5ppek\u00e4ikudest. Erineva tasemega \u00f5ppeasutuste t\u00f6\u00f6tajad olid jagatud r\u00fchmadeks (kutsekoolidest moodustus \u00fcks r\u00fchm, k\u00f5rgkoolidest teine r\u00fchm jne). Selliselt oli meie r\u00fchma fookus arusaadav ning k\u00e4sitletavad teemad puudutasid \u00f5igeid sihtr\u00fchmasid.<\/span><\/p><p><span style=\"font-weight: 400;\">Inge r\u00e4\u00e4kis seminari kohta j\u00e4rgmist:<\/span><\/p><p><span style=\"font-weight: 400;\">&#8220;Seminaril jagasime parimaid praktikaid erivajadustega \u00f5pilaste kaasamiseks. Oli samastumist, kuid ka erisusi. Usun, et antud seminar avardas palju minu silmaringi ja sain p\u00f5nevaid m\u00f5tteid, mida v\u00f5iksime oma koolis arendada. Tuues siinkohal n\u00e4itena projektide loomise, mis on suunatud meie enda koolis \u00f5ppivatele noortele, kellel on erivajadus.&#8221;<\/span><\/p><p>Vaata ka tema videokokkuv\u00f5tet allolevas <strong>vlogis<\/strong>!\u00a0<\/p>\t\t\t\t\t\t\t\t<\/div>\n\t\t\t\t<\/div>\n\t\t\t\t\t<\/div>\n\t\t<\/div>\n\t\t\t\t\t<\/div>\n\t\t<\/section>\n\t\t\t\t<section class=\"penci-section penci-disSticky penci-structure-10 elementor-section elementor-top-section elementor-element elementor-element-b0eadcc elementor-section-boxed elementor-section-height-default elementor-section-height-default\" data-id=\"b0eadcc\" data-element_type=\"section\" data-e-type=\"section\">\n\t\t\t\t\t\t<div class=\"elementor-container elementor-column-gap-default\">\n\t\t\t\t\t<div class=\"penci-ercol-100 penci-ercol-order-1 penci-sticky-ct    elementor-column elementor-col-100 elementor-top-column elementor-element elementor-element-b369676\" data-id=\"b369676\" data-element_type=\"column\" data-e-type=\"column\">\n\t\t\t<div class=\"elementor-widget-wrap elementor-element-populated\">\n\t\t\t\t\t\t<div class=\"elementor-element elementor-element-df14275 elementor-widget elementor-widget-video\" data-id=\"df14275\" data-element_type=\"widget\" data-e-type=\"widget\" data-settings=\"{&quot;youtube_url&quot;:&quot;https:\\\/\\\/youtu.be\\\/4kXDi0hUF78&quot;,&quot;video_type&quot;:&quot;youtube&quot;,&quot;controls&quot;:&quot;yes&quot;}\" data-widget_type=\"video.default\">\n\t\t\t\t<div class=\"elementor-widget-container\">\n\t\t\t\t\t\t\t<div class=\"elementor-wrapper elementor-open-inline\">\n\t\t\t<div class=\"elementor-video\"><\/div>\t\t<\/div>\n\t\t\t\t\t\t<\/div>\n\t\t\t\t<\/div>\n\t\t\t\t\t<\/div>\n\t\t<\/div>\n\t\t\t\t\t<\/div>\n\t\t<\/section>\n\t\t\t\t<\/div>\n\t\t","protected":false},"excerpt":{"rendered":"<p>Teenindus\u00f5ppeosakonna juhataja aset\u00e4itja Inge K\u00e4\u00e4rik osales Erasmus+ kiirendi \u00fcritusel &#8220;Kaasatus ja mitmekesisus Erasmus+ projektides&#8221; (Embrace inclusion and diversity in your&hellip;<\/p>\n","protected":false},"author":4,"featured_media":7633,"comment_status":"closed","ping_status":"open","sticky":false,"template":"","format":"standard","meta":{"_lmt_disableupdate":"","_lmt_disable":"","footnotes":""},"categories":[66],"tags":[],"class_list":["post-7632","post","type-post","status-publish","format-standard","has-post-thumbnail","hentry","category-rahvusvaheline-koostoo"],"_links":{"self":[{"href":"https:\/\/www.hariduskeskus.ee\/rahvusvaheline\/wp-json\/wp\/v2\/posts\/7632","targetHints":{"allow":["GET"]}}],"collection":[{"href":"https:\/\/www.hariduskeskus.ee\/rahvusvaheline\/wp-json\/wp\/v2\/posts"}],"about":[{"href":"https:\/\/www.hariduskeskus.ee\/rahvusvaheline\/wp-json\/wp\/v2\/types\/post"}],"author":[{"embeddable":true,"href":"https:\/\/www.hariduskeskus.ee\/rahvusvaheline\/wp-json\/wp\/v2\/users\/4"}],"replies":[{"embeddable":true,"href":"https:\/\/www.hariduskeskus.ee\/rahvusvaheline\/wp-json\/wp\/v2\/comments?post=7632"}],"version-history":[{"count":5,"href":"https:\/\/www.hariduskeskus.ee\/rahvusvaheline\/wp-json\/wp\/v2\/posts\/7632\/revisions"}],"predecessor-version":[{"id":7645,"href":"https:\/\/www.hariduskeskus.ee\/rahvusvaheline\/wp-json\/wp\/v2\/posts\/7632\/revisions\/7645"}],"wp:featuredmedia":[{"embeddable":true,"href":"https:\/\/www.hariduskeskus.ee\/rahvusvaheline\/wp-json\/wp\/v2\/media\/7633"}],"wp:attachment":[{"href":"https:\/\/www.hariduskeskus.ee\/rahvusvaheline\/wp-json\/wp\/v2\/media?parent=7632"}],"wp:term":[{"taxonomy":"category","embeddable":true,"href":"https:\/\/www.hariduskeskus.ee\/rahvusvaheline\/wp-json\/wp\/v2\/categories?post=7632"},{"taxonomy":"post_tag","embeddable":true,"href":"https:\/\/www.hariduskeskus.ee\/rahvusvaheline\/wp-json\/wp\/v2\/tags?post=7632"}],"curies":[{"name":"wp","href":"https:\/\/api.w.org\/{rel}","templated":true}]}}