{"id":7566,"date":"2024-01-15T09:48:35","date_gmt":"2024-01-15T09:48:35","guid":{"rendered":"https:\/\/www.hariduskeskus.ee\/rahvusvaheline\/?p=7566"},"modified":"2024-01-15T11:32:33","modified_gmt":"2024-01-15T11:32:33","slug":"erasmus-ka2-projekti-eco-tag-esimene-rahvusvaheline-kohtumine-valencias-hispaanias","status":"publish","type":"post","link":"https:\/\/www.hariduskeskus.ee\/rahvusvaheline\/erasmus-ka2-projekti-eco-tag-esimene-rahvusvaheline-kohtumine-valencias-hispaanias\/","title":{"rendered":"ERASMUS+ KA2 PROJEKTI ECO-TAG ESIMENE RAHVUSVAHELINE KOHTUMINE VALENCIAS, HISPAANIAS"},"content":{"rendered":"\t\t<div data-elementor-type=\"wp-post\" data-elementor-id=\"7566\" class=\"elementor elementor-7566\">\n\t\t\t\t\t\t<section class=\"penci-section penci-disSticky penci-structure-10 elementor-section elementor-top-section elementor-element elementor-element-662b819 elementor-section-boxed elementor-section-height-default elementor-section-height-default\" data-id=\"662b819\" data-element_type=\"section\" data-e-type=\"section\">\n\t\t\t\t\t\t<div class=\"elementor-container elementor-column-gap-default\">\n\t\t\t\t\t<div class=\"penci-ercol-100 penci-ercol-order-1 penci-sticky-ct    elementor-column elementor-col-100 elementor-top-column elementor-element elementor-element-6cc02f7\" data-id=\"6cc02f7\" data-element_type=\"column\" data-e-type=\"column\">\n\t\t\t<div class=\"elementor-widget-wrap elementor-element-populated\">\n\t\t\t\t\t\t<div class=\"elementor-element elementor-element-bc6e2ff elementor-widget elementor-widget-text-editor\" data-id=\"bc6e2ff\" data-element_type=\"widget\" data-e-type=\"widget\" data-widget_type=\"text-editor.default\">\n\t\t\t\t<div class=\"elementor-widget-container\">\n\t\t\t\t\t\t\t\t\t<p>24.-26.jaanuar 2023 toimus projekti <a href=\"https:\/\/www.ecotagproject.eu\/pannello\/#\/dashboard\">ECO_Tag<\/a> esimene silmast silma kohtumine Valencias, Hispaanias, kus meid v\u00f5\u00f5rustas projekti koordinaator\u00a0 <a href=\"https:\/\/www.instagram.com\/mediterraneo.international\/\">Mediterr\u00e1neo International<\/a>! <img decoding=\"async\" class=\"emoji\" role=\"img\" draggable=\"false\" src=\"https:\/\/s.w.org\/images\/core\/emoji\/14.0.0\/svg\/267b.svg\" alt=\"\u267b\ufe0f\" \/><\/p><p>Kliimamuutused ja keskkonnaseisundi halvenemine kujutavad endast eksistentsiaalset ohtu Euroopale ja \u00fclej\u00e4\u00e4nud maailmale. Seet\u00f5ttu tehakse poliitilisel tasandil rahvusvahelisi j\u00f5upingutusi selle v\u00e4ljakutse lahendamiseks ja selle tagaj\u00e4rgede leevendamiseks selliste meetmetega nagu j\u00e4tkusuutlike koolide keskkonnam\u00e4rgised. Kuid need m\u00e4rgised ei k\u00e4sitle HoReCa sektorile p\u00fchendatud kutsekoolide erip\u00e4ra, mis n\u00f5uavad erikoolitust ja spetsiaalset j\u00e4tkusuutlikku sertifikaati.<\/p><p>Projekt ECO-TAG keskendub sellele konkreetsele v\u00e4ljakutsele kokanduse, gastronoomia, kokakunsti, k\u00f6\u00f6gihalduse ja toitlustusteenustega tegelevate kutsekoolide vaatenurgast. Selle eesm\u00e4rk on k\u00e4sitleda nende keskkonnam\u00f5ju ja nende seost toiduainesektoriga. See v\u00f5imaldab luua spetsiifilisi ja \u00fcldisi s\u00e4\u00e4stvaid p\u00e4devusi (mille aluseks on Euroopa j\u00e4tkusuutlikkuse raamistik &#8220;Green Comp&#8221;), muuta k\u00e4itumist ja seega v\u00e4hendada s\u00fcsiniku jalaj\u00e4lge.<\/p><p>ECO_Tag koondab projektipartnerid Itaaliast <img decoding=\"async\" class=\"emoji\" style=\"color: inherit; font-family: inherit; font-size: inherit; font-weight: inherit; text-align: inherit; background-color: #ffffff;\" role=\"img\" draggable=\"false\" src=\"https:\/\/s.w.org\/images\/core\/emoji\/14.0.0\/svg\/1f1ee-1f1f9.svg\" alt=\"\ud83c\uddee\ud83c\uddf9\" \/><span style=\"color: inherit; font-family: inherit; font-size: inherit; font-weight: inherit; text-align: inherit;\">, Leedust <\/span><img decoding=\"async\" class=\"emoji\" style=\"color: inherit; font-family: inherit; font-size: inherit; font-weight: inherit; text-align: inherit; background-color: #ffffff;\" role=\"img\" draggable=\"false\" src=\"https:\/\/s.w.org\/images\/core\/emoji\/14.0.0\/svg\/1f1f1-1f1f9.svg\" alt=\"\ud83c\uddf1\ud83c\uddf9\" \/><span style=\"color: inherit; font-family: inherit; font-size: inherit; font-weight: inherit; text-align: inherit;\">, Eestist <\/span><img decoding=\"async\" class=\"emoji\" style=\"color: inherit; font-family: inherit; font-size: inherit; font-weight: inherit; text-align: inherit; background-color: #ffffff;\" role=\"img\" draggable=\"false\" src=\"https:\/\/s.w.org\/images\/core\/emoji\/14.0.0\/svg\/1f1ea-1f1ea.svg\" alt=\"\ud83c\uddea\ud83c\uddea\" \/><span style=\"color: inherit; font-family: inherit; font-size: inherit; font-weight: inherit; text-align: inherit;\">\u00a0\u0160veitsist <\/span><img decoding=\"async\" class=\"emoji\" style=\"color: inherit; font-family: inherit; font-size: inherit; font-weight: inherit; text-align: inherit; background-color: #ffffff;\" role=\"img\" draggable=\"false\" src=\"https:\/\/s.w.org\/images\/core\/emoji\/14.0.0\/svg\/1f1e8-1f1ed.svg\" alt=\"\ud83c\udde8\ud83c\udded\" \/> ja Hispaaniast <span class=\"x1xsqp64 xiy17q3 x1o6pynw x19co3pv xdj266r xcwd3tp xat24cr x39eecv x2b8uid\" data-testid=\"emoji\"><span class=\"xexx8yu xn5pp95 x18d9i69 x2fxd7x x1yqt14a x1bhl96m\">\ud83c\uddea\ud83c\uddf8.\u00a0<\/span><\/span><\/p><p>Rohkem infot projekti kohta <a href=\"https:\/\/www.ecotagproject.eu\/pannello\/#\/dashboard\">SIIN<\/a>!\u00a0<\/p><p>\u00a0<\/p><p>ENGLISH BELOW!\u00a0<\/p><p>On January 24-26, 2023, the first face-to-face meeting of the ECO_Tag project took place in Valencia, Spain, where we were hosted by the project coordinator Mediterr\u00e1neo International!<\/p><p>Climate change and environmental degradation pose an existential threat to Europe and the rest of the world. International efforts are therefore being made at the political level to address this challenge and mitigate its consequences through measures such as eco-labels for sustainable schools. However, these labels do not address the specifics of vocational schools dedicated to the HoReCa sector, which require specialized training and special sustainable certification.<\/p><p>The ECO-TAG project focuses on this specific challenge from the perspective of vocational schools involved in cooking, gastronomy, culinary arts, kitchen management and catering services. It aims to address their environmental impact and their relation to the food sector. This enables the creation of specific and general sustainable competences (based on the European sustainability framework &#8220;Green Comp&#8221;), to change behavior and thus reduce the carbon footprint.<\/p><p>ECO_Tag brings together project partners from Italy, Lithuania, Estonia, Switzerland and Spain \ud83c\uddea\ud83c\uddf8.<\/p><p>More information about the project HERE!<\/p><p><a class=\"x1i10hfl xjbqb8w x6umtig x1b1mbwd xaqea5y xav7gou x9f619 x1ypdohk xt0psk2 xe8uvvx xdj266r x11i5rnm xat24cr x1mh8g0r xexx8yu x4uap5 x18d9i69 xkhd6sd x16tdsg8 x1hl2dhg xggy1nq x1a2a7pz _aa9_ _a6hd\" tabindex=\"0\" role=\"link\" href=\"https:\/\/www.instagram.com\/explore\/tags\/erasmusplus\/\">#erasmusplus<\/a>\u00a0<a class=\"x1i10hfl xjbqb8w x6umtig x1b1mbwd xaqea5y xav7gou x9f619 x1ypdohk xt0psk2 xe8uvvx xdj266r x11i5rnm xat24cr x1mh8g0r xexx8yu x4uap5 x18d9i69 xkhd6sd x16tdsg8 x1hl2dhg xggy1nq x1a2a7pz _aa9_ _a6hd\" tabindex=\"0\" role=\"link\" href=\"https:\/\/www.instagram.com\/explore\/tags\/ecotagproject\/\">#ecotagproject<\/a>\u00a0<a class=\"x1i10hfl xjbqb8w x6umtig x1b1mbwd xaqea5y xav7gou x9f619 x1ypdohk xt0psk2 xe8uvvx xdj266r x11i5rnm xat24cr x1mh8g0r xexx8yu x4uap5 x18d9i69 xkhd6sd x16tdsg8 x1hl2dhg xggy1nq x1a2a7pz _aa9_ _a6hd\" tabindex=\"0\" role=\"link\" href=\"https:\/\/www.instagram.com\/explore\/tags\/sustainability\/\">#sustainability<\/a>\u00a0<a class=\"x1i10hfl xjbqb8w x6umtig x1b1mbwd xaqea5y xav7gou x9f619 x1ypdohk xt0psk2 xe8uvvx xdj266r x11i5rnm xat24cr x1mh8g0r xexx8yu x4uap5 x18d9i69 xkhd6sd x16tdsg8 x1hl2dhg xggy1nq x1a2a7pz _aa9_ _a6hd\" tabindex=\"0\" role=\"link\" href=\"https:\/\/www.instagram.com\/explore\/tags\/veteducation\/\">#VETeducation<\/a><\/p>\t\t\t\t\t\t\t\t<\/div>\n\t\t\t\t<\/div>\n\t\t\t\t\t<\/div>\n\t\t<\/div>\n\t\t\t\t\t<\/div>\n\t\t<\/section>\n\t\t\t\t<section class=\"penci-section penci-disSticky penci-structure-10 elementor-section elementor-top-section elementor-element elementor-element-edc4d62 elementor-section-boxed elementor-section-height-default elementor-section-height-default\" data-id=\"edc4d62\" data-element_type=\"section\" data-e-type=\"section\">\n\t\t\t\t\t\t<div class=\"elementor-container elementor-column-gap-default\">\n\t\t\t\t\t<div class=\"penci-ercol-100 penci-ercol-order-1 penci-sticky-ct    elementor-column elementor-col-100 elementor-top-column elementor-element elementor-element-7544de3\" data-id=\"7544de3\" data-element_type=\"column\" data-e-type=\"column\">\n\t\t\t<div class=\"elementor-widget-wrap elementor-element-populated\">\n\t\t\t\t\t\t<div class=\"elementor-element elementor-element-403aaa9 elementor-widget elementor-widget-image-gallery\" data-id=\"403aaa9\" data-element_type=\"widget\" data-e-type=\"widget\" data-widget_type=\"image-gallery.default\">\n\t\t\t\t<div class=\"elementor-widget-container\">\n\t\t\t\t\t\t\t<div class=\"elementor-image-gallery\">\n\t\t\t<div data-sliderid=\"47781\" id=\"penci-post-gallery__47781\" class=\"penci-post-gallery-container justified column-3\" data-height=\"150\" data-margin=\"3\"><a class=\"penci-gallery-ite item-gallery-justified\" href=\"https:\/\/www.hariduskeskus.ee\/rahvusvaheline\/wp-content\/uploads\/2024\/01\/WhatsApp-Image-2023-01-24-at-12.09.06.jpeg\" data-rel=\"penci-gallery-image-content\" ><img decoding=\"async\" src=\"https:\/\/www.hariduskeskus.ee\/rahvusvaheline\/wp-content\/uploads\/2024\/01\/WhatsApp-Image-2023-01-24-at-12.09.06-585x439.jpeg\" alt=\"\" title=\"WhatsApp Image 2023-01-24 at 12.09.06\"><\/a><a class=\"penci-gallery-ite item-gallery-justified\" href=\"https:\/\/www.hariduskeskus.ee\/rahvusvaheline\/wp-content\/uploads\/2024\/01\/WhatsApp-Image-2023-01-24-at-12.09.062.jpeg\" data-rel=\"penci-gallery-image-content\" ><img decoding=\"async\" src=\"https:\/\/www.hariduskeskus.ee\/rahvusvaheline\/wp-content\/uploads\/2024\/01\/WhatsApp-Image-2023-01-24-at-12.09.062-585x780.jpeg\" alt=\"\" title=\"WhatsApp Image 2023-01-24 at 12.09.06(2)\"><\/a><a class=\"penci-gallery-ite item-gallery-justified\" href=\"https:\/\/www.hariduskeskus.ee\/rahvusvaheline\/wp-content\/uploads\/2024\/01\/419939351_1064745704676419_3505512819961268764_n.jpg\" data-rel=\"penci-gallery-image-content\" ><img decoding=\"async\" src=\"https:\/\/www.hariduskeskus.ee\/rahvusvaheline\/wp-content\/uploads\/2024\/01\/419939351_1064745704676419_3505512819961268764_n-585x439.jpg\" alt=\"\" title=\"419939351_1064745704676419_3505512819961268764_n\"><\/a><a class=\"penci-gallery-ite item-gallery-justified\" href=\"https:\/\/www.hariduskeskus.ee\/rahvusvaheline\/wp-content\/uploads\/2024\/01\/419468853_438777211921436_6255527451459246818_n.jpg\" data-rel=\"penci-gallery-image-content\" ><img decoding=\"async\" src=\"https:\/\/www.hariduskeskus.ee\/rahvusvaheline\/wp-content\/uploads\/2024\/01\/419468853_438777211921436_6255527451459246818_n-585x780.jpg\" alt=\"\" title=\"419468853_438777211921436_6255527451459246818_n\"><\/a><a class=\"penci-gallery-ite item-gallery-justified\" href=\"https:\/\/www.hariduskeskus.ee\/rahvusvaheline\/wp-content\/uploads\/2024\/01\/419405139_1384878195725722_4262153757770151807_n.jpg\" data-rel=\"penci-gallery-image-content\" ><img decoding=\"async\" src=\"https:\/\/www.hariduskeskus.ee\/rahvusvaheline\/wp-content\/uploads\/2024\/01\/419405139_1384878195725722_4262153757770151807_n-585x439.jpg\" alt=\"\" title=\"419405139_1384878195725722_4262153757770151807_n\"><\/a><a class=\"penci-gallery-ite item-gallery-justified\" href=\"https:\/\/www.hariduskeskus.ee\/rahvusvaheline\/wp-content\/uploads\/2024\/01\/419466108_1078091090001086_1031803844205888170_n.jpg\" data-rel=\"penci-gallery-image-content\" ><img decoding=\"async\" src=\"https:\/\/www.hariduskeskus.ee\/rahvusvaheline\/wp-content\/uploads\/2024\/01\/419466108_1078091090001086_1031803844205888170_n-585x780.jpg\" alt=\"\" title=\"419466108_1078091090001086_1031803844205888170_n\"><\/a><a class=\"penci-gallery-ite item-gallery-justified\" href=\"https:\/\/www.hariduskeskus.ee\/rahvusvaheline\/wp-content\/uploads\/2024\/01\/419261812_288409524242841_4503235389603140428_n.jpg\" data-rel=\"penci-gallery-image-content\" ><img decoding=\"async\" src=\"https:\/\/www.hariduskeskus.ee\/rahvusvaheline\/wp-content\/uploads\/2024\/01\/419261812_288409524242841_4503235389603140428_n-585x780.jpg\" alt=\"\" title=\"419261812_288409524242841_4503235389603140428_n\"><\/a><\/div>\t\t<\/div>\n\t\t\t\t\t\t<\/div>\n\t\t\t\t<\/div>\n\t\t\t\t\t<\/div>\n\t\t<\/div>\n\t\t\t\t\t<\/div>\n\t\t<\/section>\n\t\t\t\t<\/div>\n\t\t","protected":false},"excerpt":{"rendered":"<p>24.-26.jaanuar 2023 toimus projekti ECO_Tag esimene silmast silma kohtumine Valencias, Hispaanias, kus meid v\u00f5\u00f5rustas projekti koordinaator\u00a0 Mediterr\u00e1neo International! Kliimamuutused ja&hellip;<\/p>\n","protected":false},"author":4,"featured_media":7570,"comment_status":"closed","ping_status":"open","sticky":false,"template":"","format":"standard","meta":{"_lmt_disableupdate":"","_lmt_disable":"","footnotes":""},"categories":[66],"tags":[],"class_list":["post-7566","post","type-post","status-publish","format-standard","has-post-thumbnail","hentry","category-rahvusvaheline-koostoo"],"_links":{"self":[{"href":"https:\/\/www.hariduskeskus.ee\/rahvusvaheline\/wp-json\/wp\/v2\/posts\/7566","targetHints":{"allow":["GET"]}}],"collection":[{"href":"https:\/\/www.hariduskeskus.ee\/rahvusvaheline\/wp-json\/wp\/v2\/posts"}],"about":[{"href":"https:\/\/www.hariduskeskus.ee\/rahvusvaheline\/wp-json\/wp\/v2\/types\/post"}],"author":[{"embeddable":true,"href":"https:\/\/www.hariduskeskus.ee\/rahvusvaheline\/wp-json\/wp\/v2\/users\/4"}],"replies":[{"embeddable":true,"href":"https:\/\/www.hariduskeskus.ee\/rahvusvaheline\/wp-json\/wp\/v2\/comments?post=7566"}],"version-history":[{"count":5,"href":"https:\/\/www.hariduskeskus.ee\/rahvusvaheline\/wp-json\/wp\/v2\/posts\/7566\/revisions"}],"predecessor-version":[{"id":7592,"href":"https:\/\/www.hariduskeskus.ee\/rahvusvaheline\/wp-json\/wp\/v2\/posts\/7566\/revisions\/7592"}],"wp:featuredmedia":[{"embeddable":true,"href":"https:\/\/www.hariduskeskus.ee\/rahvusvaheline\/wp-json\/wp\/v2\/media\/7570"}],"wp:attachment":[{"href":"https:\/\/www.hariduskeskus.ee\/rahvusvaheline\/wp-json\/wp\/v2\/media?parent=7566"}],"wp:term":[{"taxonomy":"category","embeddable":true,"href":"https:\/\/www.hariduskeskus.ee\/rahvusvaheline\/wp-json\/wp\/v2\/categories?post=7566"},{"taxonomy":"post_tag","embeddable":true,"href":"https:\/\/www.hariduskeskus.ee\/rahvusvaheline\/wp-json\/wp\/v2\/tags?post=7566"}],"curies":[{"name":"wp","href":"https:\/\/api.w.org\/{rel}","templated":true}]}}