{"id":7070,"date":"2023-12-11T11:42:54","date_gmt":"2023-12-11T11:42:54","guid":{"rendered":"https:\/\/www.hariduskeskus.ee\/rahvusvaheline\/?p=7070"},"modified":"2023-12-11T12:18:26","modified_gmt":"2023-12-11T12:18:26","slug":"tehisintellekti-kasv-voimalus-kutsehariduse-ja-koolituse-jaoks","status":"publish","type":"post","link":"https:\/\/www.hariduskeskus.ee\/rahvusvaheline\/tehisintellekti-kasv-voimalus-kutsehariduse-ja-koolituse-jaoks\/","title":{"rendered":"Tehisintellekti kasv &#8211; v\u00f5imalus kutsehariduse jaoks"},"content":{"rendered":"\t\t<div data-elementor-type=\"wp-post\" data-elementor-id=\"7070\" class=\"elementor elementor-7070\">\n\t\t\t\t\t\t<section class=\"penci-section penci-disSticky penci-structure-10 elementor-section elementor-top-section elementor-element elementor-element-f81c687 elementor-section-boxed elementor-section-height-default elementor-section-height-default\" data-id=\"f81c687\" data-element_type=\"section\" data-e-type=\"section\">\n\t\t\t\t\t\t<div class=\"elementor-container elementor-column-gap-default\">\n\t\t\t\t\t<div class=\"penci-ercol-100 penci-ercol-order-1 penci-sticky-ct    elementor-column elementor-col-100 elementor-top-column elementor-element elementor-element-490d463e\" data-id=\"490d463e\" data-element_type=\"column\" data-e-type=\"column\">\n\t\t\t<div class=\"elementor-widget-wrap elementor-element-populated\">\n\t\t\t\t\t\t<div class=\"elementor-element elementor-element-4a4be675 elementor-widget elementor-widget-text-editor\" data-id=\"4a4be675\" data-element_type=\"widget\" data-e-type=\"widget\" data-widget_type=\"text-editor.default\">\n\t\t\t\t<div class=\"elementor-widget-container\">\n\t\t\t\t\t\t\t\t\t<p>22-23. novembril oli arendusosakonna juhatajal Thea Tammeleht-Abrahamil v\u00f5imalus<\/p><p>ja r\u00f5\u00f5m osaleda San Sebasti\u00e1nis<\/p><p>toimunud rahvusvahelisel kutsehariduse ja -koolituse<\/p><p>tippkohtumise kongressil, mille p\u00f5hir\u00f5hk oli tehisintellektil ning selle m\u00f5jul kutseharidusele.<\/p><p>Koolituse korraldasid Baskimaa valitsus ja #TKNIKA<\/p><p>Kohtumisel sai kuulata mitmeid v\u00e4ga p\u00f5nevad esinemisi, huvitavad paneeldiskussioone ja fantastilised arutelusid pea 400 inimese osav\u00f5tul.<\/p><p>Tippkohtumine keskendus kolmele valdkonnale:<\/p><p>Intelligentsed tehnoloogiad &#8211; siin keskenduti muu hulgas k\u00f5ige uuematele arengutele tehisintellekti (AI), kvantarvutite, intelligentsete s\u00fcsteemide v\u00f5i robootika revolutsioonile koos eespool nimetatutega.<br \/>Elu ja tehnoloogia &#8211; keskenduti tulevikutehnoloogiate m\u00f5jule meie elule, n\u00e4iteks arukad linnad, uued organisatsioonilised kontseptsioonid, tervishoid.<br \/>Inimene tehnoloogia arengu taustal &#8211; keskenduti inimlikele v\u00e4\u00e4rtustele tulevikus arendatavate tehnoloogiate m\u00f5ju taustal.<br \/>Thea peamine t\u00f5demus konverentsist on, et kuna v\u00e4ljakutsed aina suurenevad ning v\u00e4ga kiiresti, peame tugevdama koost\u00f6\u00f6d ja rahvusvahelist teabevahetust.<\/p><p>&#8220;On \u00fclioluline, et inimesed oleksid valmis genereerima loomingulisi lahendusi keerulistele probleemidele, haridus on tuleviku v\u00f5ti.&#8221; &#8211; Jorge Ar\u00e9valo Turrillas, Baskimaa valitsuse kutsehariduse ja -koolituse aseminister.<\/p><p><\/p><p>\u00a0<\/p>\t\t\t\t\t\t\t\t<\/div>\n\t\t\t\t<\/div>\n\t\t\t\t\t<\/div>\n\t\t<\/div>\n\t\t\t\t\t<\/div>\n\t\t<\/section>\n\t\t\t\t<section class=\"penci-section penci-disSticky penci-structure-10 elementor-section elementor-top-section elementor-element elementor-element-c0d14ed elementor-section-boxed elementor-section-height-default elementor-section-height-default\" data-id=\"c0d14ed\" data-element_type=\"section\" data-e-type=\"section\">\n\t\t\t\t\t\t<div class=\"elementor-container elementor-column-gap-default\">\n\t\t\t\t\t<div class=\"penci-ercol-100 penci-ercol-order-1 penci-sticky-ct    elementor-column elementor-col-100 elementor-top-column elementor-element elementor-element-5a52d75\" data-id=\"5a52d75\" data-element_type=\"column\" data-e-type=\"column\">\n\t\t\t<div class=\"elementor-widget-wrap elementor-element-populated\">\n\t\t\t\t\t\t<div class=\"elementor-element elementor-element-e52021e elementor-arrows-position-inside elementor-pagination-position-outside elementor-widget elementor-widget-image-carousel\" data-id=\"e52021e\" data-element_type=\"widget\" data-e-type=\"widget\" data-settings=\"{&quot;navigation&quot;:&quot;both&quot;,&quot;autoplay&quot;:&quot;yes&quot;,&quot;pause_on_hover&quot;:&quot;yes&quot;,&quot;pause_on_interaction&quot;:&quot;yes&quot;,&quot;autoplay_speed&quot;:5000,&quot;infinite&quot;:&quot;yes&quot;,&quot;speed&quot;:500}\" data-widget_type=\"image-carousel.default\">\n\t\t\t\t<div class=\"elementor-widget-container\">\n\t\t\t\t\t\t\t<div class=\"elementor-image-carousel-wrapper swiper\" role=\"region\" aria-roledescription=\"carousel\" aria-label=\"Image Carousel\" dir=\"ltr\">\n\t\t\t<div class=\"elementor-image-carousel swiper-wrapper\" aria-live=\"off\">\n\t\t\t\t\t\t\t\t<div class=\"swiper-slide\" role=\"group\" aria-roledescription=\"slide\" aria-label=\"1 of 6\"><figure class=\"swiper-slide-inner\"><img decoding=\"async\" class=\"swiper-slide-image\" src=\"https:\/\/www.hariduskeskus.ee\/rahvusvaheline\/wp-content\/uploads\/2023\/12\/WhatsAppi-pilt-2023-12-11-kell-14.05.41_a06e105a-150x150.jpg\" alt=\"WhatsAppi pilt 2023-12-11 kell 14.05.41_a06e105a\" \/><\/figure><\/div><div class=\"swiper-slide\" role=\"group\" aria-roledescription=\"slide\" aria-label=\"2 of 6\"><figure class=\"swiper-slide-inner\"><img decoding=\"async\" class=\"swiper-slide-image\" src=\"https:\/\/www.hariduskeskus.ee\/rahvusvaheline\/wp-content\/uploads\/2023\/12\/WhatsAppi-pilt-2023-12-11-kell-14.05.41_72f2abe0-150x150.jpg\" alt=\"WhatsAppi pilt 2023-12-11 kell 14.05.41_72f2abe0\" \/><\/figure><\/div><div class=\"swiper-slide\" role=\"group\" aria-roledescription=\"slide\" aria-label=\"3 of 6\"><figure class=\"swiper-slide-inner\"><img decoding=\"async\" class=\"swiper-slide-image\" src=\"https:\/\/www.hariduskeskus.ee\/rahvusvaheline\/wp-content\/uploads\/2023\/12\/WhatsAppi-pilt-2023-12-11-kell-14.05.42_f2e9308f-150x150.jpg\" alt=\"WhatsAppi pilt 2023-12-11 kell 14.05.42_f2e9308f\" \/><\/figure><\/div><div class=\"swiper-slide\" role=\"group\" aria-roledescription=\"slide\" aria-label=\"4 of 6\"><figure class=\"swiper-slide-inner\"><img decoding=\"async\" class=\"swiper-slide-image\" src=\"https:\/\/www.hariduskeskus.ee\/rahvusvaheline\/wp-content\/uploads\/2023\/12\/WhatsAppi-pilt-2023-12-11-kell-14.05.41_f37d8690-150x150.jpg\" alt=\"WhatsAppi pilt 2023-12-11 kell 14.05.41_f37d8690\" \/><\/figure><\/div><div class=\"swiper-slide\" role=\"group\" aria-roledescription=\"slide\" aria-label=\"5 of 6\"><figure class=\"swiper-slide-inner\"><img decoding=\"async\" class=\"swiper-slide-image\" src=\"https:\/\/www.hariduskeskus.ee\/rahvusvaheline\/wp-content\/uploads\/2023\/12\/WhatsAppi-pilt-2023-12-11-kell-14.05.41_2368970c-150x150.jpg\" alt=\"WhatsAppi pilt 2023-12-11 kell 14.05.41_2368970c\" \/><\/figure><\/div><div class=\"swiper-slide\" role=\"group\" aria-roledescription=\"slide\" aria-label=\"6 of 6\"><figure class=\"swiper-slide-inner\"><img decoding=\"async\" class=\"swiper-slide-image\" src=\"https:\/\/www.hariduskeskus.ee\/rahvusvaheline\/wp-content\/uploads\/2023\/12\/20231122_150559-150x150.jpg\" alt=\"20231122_150559\" \/><\/figure><\/div>\t\t\t<\/div>\n\t\t\t\t\t\t\t\t\t\t\t\t<div class=\"elementor-swiper-button elementor-swiper-button-prev\" role=\"button\" tabindex=\"0\">\n\t\t\t\t\t\t<i aria-hidden=\"true\" class=\"eicon-chevron-left\"><\/i>\t\t\t\t\t<\/div>\n\t\t\t\t\t<div class=\"elementor-swiper-button elementor-swiper-button-next\" role=\"button\" tabindex=\"0\">\n\t\t\t\t\t\t<i aria-hidden=\"true\" class=\"eicon-chevron-right\"><\/i>\t\t\t\t\t<\/div>\n\t\t\t\t\n\t\t\t\t\t\t\t\t\t<div class=\"swiper-pagination\"><\/div>\n\t\t\t\t\t\t\t\t\t<\/div>\n\t\t\t\t\t\t<\/div>\n\t\t\t\t<\/div>\n\t\t\t\t\t<\/div>\n\t\t<\/div>\n\t\t\t\t\t<\/div>\n\t\t<\/section>\n\t\t\t\t<\/div>\n\t\t","protected":false},"excerpt":{"rendered":"<p>22-23. novembril oli arendusosakonna juhatajal Thea Tammeleht-Abrahamil v\u00f5imalus ja r\u00f5\u00f5m osaleda San Sebasti\u00e1nis toimunud rahvusvahelisel kutsehariduse ja -koolituse tippkohtumise kongressil,&hellip;<\/p>\n","protected":false},"author":18,"featured_media":7126,"comment_status":"closed","ping_status":"open","sticky":false,"template":"","format":"standard","meta":{"_lmt_disableupdate":"","_lmt_disable":"","footnotes":""},"categories":[66],"tags":[],"class_list":["post-7070","post","type-post","status-publish","format-standard","has-post-thumbnail","hentry","category-rahvusvaheline-koostoo"],"_links":{"self":[{"href":"https:\/\/www.hariduskeskus.ee\/rahvusvaheline\/wp-json\/wp\/v2\/posts\/7070","targetHints":{"allow":["GET"]}}],"collection":[{"href":"https:\/\/www.hariduskeskus.ee\/rahvusvaheline\/wp-json\/wp\/v2\/posts"}],"about":[{"href":"https:\/\/www.hariduskeskus.ee\/rahvusvaheline\/wp-json\/wp\/v2\/types\/post"}],"author":[{"embeddable":true,"href":"https:\/\/www.hariduskeskus.ee\/rahvusvaheline\/wp-json\/wp\/v2\/users\/18"}],"replies":[{"embeddable":true,"href":"https:\/\/www.hariduskeskus.ee\/rahvusvaheline\/wp-json\/wp\/v2\/comments?post=7070"}],"version-history":[{"count":5,"href":"https:\/\/www.hariduskeskus.ee\/rahvusvaheline\/wp-json\/wp\/v2\/posts\/7070\/revisions"}],"predecessor-version":[{"id":7129,"href":"https:\/\/www.hariduskeskus.ee\/rahvusvaheline\/wp-json\/wp\/v2\/posts\/7070\/revisions\/7129"}],"wp:featuredmedia":[{"embeddable":true,"href":"https:\/\/www.hariduskeskus.ee\/rahvusvaheline\/wp-json\/wp\/v2\/media\/7126"}],"wp:attachment":[{"href":"https:\/\/www.hariduskeskus.ee\/rahvusvaheline\/wp-json\/wp\/v2\/media?parent=7070"}],"wp:term":[{"taxonomy":"category","embeddable":true,"href":"https:\/\/www.hariduskeskus.ee\/rahvusvaheline\/wp-json\/wp\/v2\/categories?post=7070"},{"taxonomy":"post_tag","embeddable":true,"href":"https:\/\/www.hariduskeskus.ee\/rahvusvaheline\/wp-json\/wp\/v2\/tags?post=7070"}],"curies":[{"name":"wp","href":"https:\/\/api.w.org\/{rel}","templated":true}]}}