{"id":5227,"date":"2020-11-17T12:32:21","date_gmt":"2020-11-17T12:32:21","guid":{"rendered":"https:\/\/www.hariduskeskus.ee\/international\/?p=5227"},"modified":"2020-11-17T12:36:52","modified_gmt":"2020-11-17T12:36:52","slug":"karoliina-juuksuripraktikal-hispaanias","status":"publish","type":"post","link":"https:\/\/www.hariduskeskus.ee\/rahvusvaheline\/karoliina-juuksuripraktikal-hispaanias\/","title":{"rendered":"Karoliina juuksuripraktikal Hispaanias"},"content":{"rendered":"\t\t<div data-elementor-type=\"wp-post\" data-elementor-id=\"5227\" class=\"elementor elementor-5227\">\n\t\t\t\t\t\t<section class=\"penci-section penci-disSticky penci-structure-10 elementor-section elementor-top-section elementor-element elementor-element-65391ff elementor-section-boxed elementor-section-height-default elementor-section-height-default\" data-id=\"65391ff\" data-element_type=\"section\" data-e-type=\"section\">\n\t\t\t\t\t\t<div class=\"elementor-container elementor-column-gap-default\">\n\t\t\t\t\t<div class=\"penci-ercol-100 penci-ercol-order-1 penci-sticky-ct    elementor-column elementor-col-100 elementor-top-column elementor-element elementor-element-86d758f\" data-id=\"86d758f\" data-element_type=\"column\" data-e-type=\"column\">\n\t\t\t<div class=\"elementor-widget-wrap elementor-element-populated\">\n\t\t\t\t\t\t<div class=\"elementor-element elementor-element-23c4818 elementor-widget elementor-widget-text-editor\" data-id=\"23c4818\" data-element_type=\"widget\" data-e-type=\"widget\" data-widget_type=\"text-editor.default\">\n\t\t\t\t<div class=\"elementor-widget-container\">\n\t\t\t\t\t\t\t\t\t<p>Juuksuri \u00f5pilane <strong>Karoliina<\/strong> <strong>Kullas<\/strong> k\u00e4is \u00f5ppepraktikat sooritamas Hispaanias Erasmus+ programmiga. Rohkem tema \u00f5pir\u00e4nde kohta saad lugeda allpool olevast kokkuv\u00f5ttest.<br \/>Minu v\u00e4lispraktika toimus ajavahemikul 26.11-16.12.2017 Hispaanias San Sebastianis juuksurisalongis nimega Noventa Grados. Lootsin v\u00e4lispraktikalt saada palju uusi kogemusi, tuttavaid ja erialaseid oskuseid &#8211; seda k\u00f5ike ma ka sain. Elasin suurep\u00e4rases korteris koos klassi\u00f5e ja kahe kosmeetikuga. Korteri asukoht oli nii hea, et saime jalutades iga p\u00e4ev hakkama. Minu praktikakoht oli t\u00e4iesti erinev sellest, mida ootasin: kallis ja orgaanilisusele r\u00f5huv salong t\u00e4is ilusaid inimesi, kus m\u00fc\u00fcakse ka firmariideid ja aksessuaare. Tundsin otsekohe aukartust, aga see kadus nii pea, kui sain tuttavaks k\u00f5ikide t\u00f6\u00f6kaaslaste ja oma mentoriga, kes oli salongi ainuke meessoost juuksur ja boss. K\u00f5ik olid nii toredad ja abivalmid. Enamasti ma kas vaatlesin, abistasin, pesin p\u00e4id ja kandsin v\u00e4rvi peale. Ma t\u00e4itsa saan aru t\u00f6\u00f6andjate hirmust lasta kohe k\u00e4\u00e4ride taha, eriti kui tegu on nii maineka salongiga. Peab meeles pidama, et m\u00f5nes kohas on isegi vaatlus omaette privileeg. Nii ma \u00f5ppisingi palju uusi tehnikaid ja nippe. H\u00e4irima j\u00e4i see, et nad desinfitseerimise ainet ei kasuta, muidu oli k\u00f5ik ilus ja puhas. J\u00e4in v\u00e4ga rahule oma praktikakoha ja sealsete inimestega. Keelebarj\u00e4\u00e4r ei ole takistuseks, kui tahe suhelda on suur. Sain nende poolt isegi kingi viimasel p\u00e4eval ja kutse sinna t\u00f6\u00f6le minna. Vaba aeg m\u00f6\u00f6dus samuti kiirelt ja avastades, tegime t\u00fcdrukutega isegi s\u00f5idu Prantsusmaale Bordeauxi \u00fcks n\u00e4dalavahetus.<\/p><blockquote><p>J\u00e4\u00e4n sooja s\u00fcdamega meenutama enda aega v\u00e4lispraktikal ning olen t\u00e4nulik, et sain osa sellisest v\u00f5imalusest. Soovitan k\u00f5ikidel \u00f5pilastel haarata v\u00f5imalusest kinni, see aeg v\u00e4lisriigis m\u00f6\u00f6dub kiiremini kui arvata oskame.<\/p><\/blockquote>\t\t\t\t\t\t\t\t<\/div>\n\t\t\t\t<\/div>\n\t\t\t\t\t<\/div>\n\t\t<\/div>\n\t\t\t\t\t<\/div>\n\t\t<\/section>\n\t\t\t\t<section class=\"penci-section penci-disSticky penci-structure-10 elementor-section elementor-top-section elementor-element elementor-element-78a919d elementor-section-boxed elementor-section-height-default elementor-section-height-default\" data-id=\"78a919d\" data-element_type=\"section\" data-e-type=\"section\">\n\t\t\t\t\t\t<div class=\"elementor-container elementor-column-gap-default\">\n\t\t\t\t\t<div class=\"penci-ercol-100 penci-ercol-order-1 penci-sticky-ct    elementor-column elementor-col-100 elementor-top-column elementor-element elementor-element-5af0b06\" data-id=\"5af0b06\" data-element_type=\"column\" data-e-type=\"column\">\n\t\t\t<div class=\"elementor-widget-wrap elementor-element-populated\">\n\t\t\t\t\t\t<div class=\"elementor-element elementor-element-320b562 elementor-widget elementor-widget-image-gallery\" data-id=\"320b562\" data-element_type=\"widget\" data-e-type=\"widget\" data-widget_type=\"image-gallery.default\">\n\t\t\t\t<div class=\"elementor-widget-container\">\n\t\t\t\t\t\t\t<div class=\"elementor-image-gallery\">\n\t\t\t<div data-sliderid=\"15459\" id=\"penci-post-gallery__15459\" class=\"penci-post-gallery-container justified column-4\" data-height=\"150\" data-margin=\"3\"><a class=\"penci-gallery-ite item-gallery-justified\" href=\"https:\/\/www.hariduskeskus.ee\/rahvusvaheline\/wp-content\/uploads\/2020\/11\/K.Kullas-juuksur-Hispaania-17-18-3.jpg\" data-rel=\"penci-gallery-image-content\" ><img decoding=\"async\" src=\"https:\/\/www.hariduskeskus.ee\/rahvusvaheline\/wp-content\/uploads\/2020\/11\/K.Kullas-juuksur-Hispaania-17-18-3-585x390.jpg\" alt=\"\" title=\"K.Kullas juuksur Hispaania 17-18 (3)\"><\/a><a class=\"penci-gallery-ite item-gallery-justified\" href=\"https:\/\/www.hariduskeskus.ee\/rahvusvaheline\/wp-content\/uploads\/2020\/11\/K.Kullas-juuksur-Hispaania-17-18-2.jpg\" data-rel=\"penci-gallery-image-content\" ><img decoding=\"async\" src=\"https:\/\/www.hariduskeskus.ee\/rahvusvaheline\/wp-content\/uploads\/2020\/11\/K.Kullas-juuksur-Hispaania-17-18-2-585x329.jpg\" alt=\"\" title=\"K.Kullas juuksur Hispaania 17-18 (2)\"><\/a><a class=\"penci-gallery-ite item-gallery-justified\" href=\"https:\/\/www.hariduskeskus.ee\/rahvusvaheline\/wp-content\/uploads\/2020\/11\/K.Kullas-juuksur-Hispaania-17-18-1.jpg\" data-rel=\"penci-gallery-image-content\" ><img decoding=\"async\" src=\"https:\/\/www.hariduskeskus.ee\/rahvusvaheline\/wp-content\/uploads\/2020\/11\/K.Kullas-juuksur-Hispaania-17-18-1-585x390.jpg\" alt=\"\" title=\"K.Kullas juuksur Hispaania 17-18 (1)\"><\/a><a class=\"penci-gallery-ite item-gallery-justified\" href=\"https:\/\/www.hariduskeskus.ee\/rahvusvaheline\/wp-content\/uploads\/2020\/11\/K.Kullas-juuksur-Hispaania-17-18-4.jpg\" data-rel=\"penci-gallery-image-content\" ><img decoding=\"async\" src=\"https:\/\/www.hariduskeskus.ee\/rahvusvaheline\/wp-content\/uploads\/2020\/11\/K.Kullas-juuksur-Hispaania-17-18-4-585x390.jpg\" alt=\"\" title=\"K.Kullas juuksur Hispaania 17-18 (4)\"><\/a><\/div>\t\t<\/div>\n\t\t\t\t\t\t<\/div>\n\t\t\t\t<\/div>\n\t\t\t\t\t<\/div>\n\t\t<\/div>\n\t\t\t\t\t<\/div>\n\t\t<\/section>\n\t\t\t\t<\/div>\n\t\t","protected":false},"excerpt":{"rendered":"<p>Juuksuri \u00f5pilane Karoliina Kullas k\u00e4is \u00f5ppepraktikat sooritamas Hispaanias Erasmus+ programmiga. Rohkem tema \u00f5pir\u00e4nde kohta saad lugeda allpool olevast kokkuv\u00f5ttest.Minu v\u00e4lispraktika&hellip;<\/p>\n","protected":false},"author":4,"featured_media":5230,"comment_status":"closed","ping_status":"open","sticky":false,"template":"","format":"standard","meta":{"_lmt_disableupdate":"","_lmt_disable":"","footnotes":""},"categories":[111,42,6],"tags":[],"class_list":["post-5227","post","type-post","status-publish","format-standard","has-post-thumbnail","hentry","category-2017-2018-opilased","category-iluteenindus","category-opilaste-valispraktika"],"_links":{"self":[{"href":"https:\/\/www.hariduskeskus.ee\/rahvusvaheline\/wp-json\/wp\/v2\/posts\/5227","targetHints":{"allow":["GET"]}}],"collection":[{"href":"https:\/\/www.hariduskeskus.ee\/rahvusvaheline\/wp-json\/wp\/v2\/posts"}],"about":[{"href":"https:\/\/www.hariduskeskus.ee\/rahvusvaheline\/wp-json\/wp\/v2\/types\/post"}],"author":[{"embeddable":true,"href":"https:\/\/www.hariduskeskus.ee\/rahvusvaheline\/wp-json\/wp\/v2\/users\/4"}],"replies":[{"embeddable":true,"href":"https:\/\/www.hariduskeskus.ee\/rahvusvaheline\/wp-json\/wp\/v2\/comments?post=5227"}],"version-history":[{"count":5,"href":"https:\/\/www.hariduskeskus.ee\/rahvusvaheline\/wp-json\/wp\/v2\/posts\/5227\/revisions"}],"predecessor-version":[{"id":5244,"href":"https:\/\/www.hariduskeskus.ee\/rahvusvaheline\/wp-json\/wp\/v2\/posts\/5227\/revisions\/5244"}],"wp:featuredmedia":[{"embeddable":true,"href":"https:\/\/www.hariduskeskus.ee\/rahvusvaheline\/wp-json\/wp\/v2\/media\/5230"}],"wp:attachment":[{"href":"https:\/\/www.hariduskeskus.ee\/rahvusvaheline\/wp-json\/wp\/v2\/media?parent=5227"}],"wp:term":[{"taxonomy":"category","embeddable":true,"href":"https:\/\/www.hariduskeskus.ee\/rahvusvaheline\/wp-json\/wp\/v2\/categories?post=5227"},{"taxonomy":"post_tag","embeddable":true,"href":"https:\/\/www.hariduskeskus.ee\/rahvusvaheline\/wp-json\/wp\/v2\/tags?post=5227"}],"curies":[{"name":"wp","href":"https:\/\/api.w.org\/{rel}","templated":true}]}}