{"id":5128,"date":"2020-11-17T08:37:04","date_gmt":"2020-11-17T08:37:04","guid":{"rendered":"https:\/\/www.hariduskeskus.ee\/international\/?p=5128"},"modified":"2020-11-17T08:41:11","modified_gmt":"2020-11-17T08:41:11","slug":"aianduse-opetaja-marje-islandil-opirandamas","status":"publish","type":"post","link":"https:\/\/www.hariduskeskus.ee\/rahvusvaheline\/aianduse-opetaja-marje-islandil-opirandamas\/","title":{"rendered":"Aianduse \u00f5petaja Marje Islandil \u00f5pir\u00e4ndamas"},"content":{"rendered":"\t\t<div data-elementor-type=\"wp-post\" data-elementor-id=\"5128\" class=\"elementor elementor-5128\">\n\t\t\t\t\t\t<section class=\"penci-section penci-disSticky penci-structure-10 elementor-section elementor-top-section elementor-element elementor-element-393a66f elementor-section-boxed elementor-section-height-default elementor-section-height-default\" data-id=\"393a66f\" data-element_type=\"section\" data-e-type=\"section\">\n\t\t\t\t\t\t<div class=\"elementor-container elementor-column-gap-default\">\n\t\t\t\t\t<div class=\"penci-ercol-100 penci-ercol-order-1 penci-sticky-ct    elementor-column elementor-col-100 elementor-top-column elementor-element elementor-element-218a543\" data-id=\"218a543\" data-element_type=\"column\" data-e-type=\"column\">\n\t\t\t<div class=\"elementor-widget-wrap elementor-element-populated\">\n\t\t\t\t\t\t<div class=\"elementor-element elementor-element-e7a277f elementor-widget elementor-widget-text-editor\" data-id=\"e7a277f\" data-element_type=\"widget\" data-e-type=\"widget\" data-widget_type=\"text-editor.default\">\n\t\t\t\t<div class=\"elementor-widget-container\">\n\t\t\t\t\t\t\t\t\t<p>Aianduse ja metsanduse valdkonna kutse\u00f5petaja <strong>Marje Kask<\/strong> viibis 13.-20 maini 2018 Erasmus + projektiga: \u201eMobility Makes Us Professionals IV\u201c, ( nr2017-1-EE01-KA116-034832 ), \u00f5pir\u00e4ndel Islandil Isalandi P\u00f5llumajandus\u00fclikoolis. Rohkem tema t\u00f6\u00f6varjuks olemise kohta saad lugeda allpool olevast kokkuv\u00f5ttest.<br \/>Islandist on enamusel inimestel ettekujutus kui kaugest p\u00f5hjamaast, kus ei kasva puid. Mina aga viibisin siin arboristi ja aianduse \u00f5pir\u00e4ndes. See v\u00f5ib ajada m\u00f5ne inimese muigama, ja m\u00f5nes m\u00f5ttes on selleks ka \u00f5igus, sest arboriste on Islandil ainult \u00fcks ja temaga mul kohtuda ei \u00f5nnestunud, kuna ta oli v\u00e4ga h\u00f5ivatud oma t\u00f6\u00f6ga. Selle asemel aga kohtusin paljude huvitavate aianduse ja metsanduse inimestega. Tuli v\u00e4lja, et metsandusega tegeldakse Islandil v\u00e4gagi palju ning t\u00e4nu maa seest tulevale peaaegu ilma eest saadud kuumale veele, on siis palju kasvuhooneid ja viljeldakse k\u00f6\u00f6giviljakasvatust. <br \/>Islandi p\u00f5llumajandus\u00fclikoolil on osakonnad kolmes kohas \u2013 Reykjavikis, Hvanneyris (siin peamaja) ja Hverager\u00f0is. \u00dclikool tegeleb \u00f5ppe- ja teadustegevusega p\u00f5llumajanduse, metsanduse, keskkonna, maastikuplaneerimise ning aianduse valdkonnas. P\u00f5hir\u00f5hk on maa- ja loomaressursside, sealhulgas traditsioonilise p\u00f5llumajanduse, aianduse ja metsanduse, keskkonnaplaneerimise, taastusteaduste, maaelu arengu ja s\u00e4\u00e4stva arengu s\u00e4ilitamine ja ressursside s\u00e4\u00e4stev kasutamine. \u00dclikoolis toimub ka kutse\u00f5pe ja t\u00e4ienduskoolitus samades valdkondades.\u00a0 Minu mentoriks oli t\u00e4iendkoolituse spetsialist Gudrun Larusdottir, kes viis mind kokku Islandi P\u00f5llumajandus\u00fclikooli erinevate inimestega. Kohtusin projektijuhtidega, kes tutvustasid oma kooli projekte. Sealsed \u00fcli\u00f5pilased k\u00e4ivad praktikal ka Eestis, n\u00e4iteks R\u00e4pina Aianduskoolis. <br \/>Islandil on metsa v\u00e4he, kodumaised puuliigid on seal sookask, pihlakas, haab. Metsades kasvab aga v\u00e4ga palju erinevaid puuliike. Kohtusin mitme metsanduse valdkonna inimesega &#8211; metsa\u00fclemaga, teadlastega. \u00dclikoolil on n\u00f6 katsemetsad, kus uuritakse, mis puuliigid sobiksid Islandil kasvatada. Paremini kohastuvad Alaskalt p\u00e4rit puuliigid, eelk\u00f5ige okaspuud. Islandis ei ole metsa kasvu takistavaks teguriks mitte k\u00fclm, vaid pidev tugev tuul. K\u00e4isin \u00f5ppej\u00f5ududega mitmes metsas, kus kasvab huvitavaid okaspuuliike, mida meie metsades ei kohta. <br \/>N\u00e4gin huvitavaid katseid, kus jahtuval laaval uuriti taimede kasvu. \u00d5hutemperatuurid on madalad, kuid pinnas on soe v\u00f5i isegi kuum ja taimede juurestiku kasvule m\u00f5jub see pigem h\u00e4sti. Katsealadel n\u00e4gime kohti, kus pinnase temperatuur oli kohati 96o C. Islandi v\u00e4hest metsa ka majandatakse, kuid see loomulikult ei anna olulist puidukogust. Puit ostetakse siiski sisse mujalt Euroopast. Metsa roll on \u00f6koloogiline, sh ka tuulte takistus, maastiku ilmestaja. Samas paljud inimesed ei poolda Islandi metsastamist, sest nende arvates varjab mets vaateid. <br \/>Aianduse \u00f5pe toimub Hverager\u00f0is, mis asub vulkaaniliselt aktiivses piirkonnas, kooli kasvuhooneid k\u00f6etakse maa seest tuleva keeva veega. Hverager\u00f0is asub muide Euroopa suurim banaanikasvatus =). Sel ajal kui mina seal viibisin, oli \u00f5ppet\u00f6\u00f6 juba l\u00e4bi, \u00f5pilased valmistusid l\u00f5pueksamiteks. Aianduse \u00f5ppijad on valdavalt t\u00e4iskasvanud. <br \/>Kaks p\u00e4eva olin t\u00f6\u00f6varjuks maastikukujunduse (teadus)t\u00f6\u00f6tajatel Steinunn Gar\u00f0arsd\u00f3ttiril ja Hl\u00edf B\u00f6\u00f0varsd\u00f3ttiril. Nende uurimist\u00f6\u00f6 eesm\u00e4rgiks on selgitada, mis taimeliike sobiks kasutada haljastuses Islandi kliimas. Selleks on nemad ja nende juhendaja Samson Bjarnar Har\u00f0arson korjanud maakera erinevatest osadest seemneid, k\u00fclvanud need katsep\u00f5ldudele, kus j\u00e4lgitakse taimede kasvu ja arengut. Hlif ja Steinunn tegelevad ka kooli \u00fcmbruse haljastamisega, seet\u00f5ttu sain nendega koos k\u00fclastada erinevaid puukoole, kus valisime kooli \u00fcmbrusse istutamiseks lilli.\u00a0 Kuna kooli kolm osakonda paiknevad \u00fcksteisest kaugel, oli nende vahel liikudes v\u00f5imalus n\u00e4ha ka Islandi v\u00f5rratut loodust \u2013 liustikke, jugasid, laavav\u00e4lju, geisreid, musta liivaga rannikuid. <br \/>Islandi \u00f5pir\u00e4nne oli t\u00f5eline v\u00e4ljakutse minu inglise keele oskusele, \u00f5pir\u00e4ndel toimus suur arenguh\u00fcpe, kuna k\u00e4isin Islandil \u00fcksinda.<\/p><blockquote><p>Soovitus j\u00e4rgmistele \u00f5pir\u00e4ndesse minejatele \u2013 minge \u00fcksi v\u00f5i siis koos kellegagi, kes ei oska \u00fcldse v\u00f5\u00f5rkeelt. See on parim keeltekool!<\/p><\/blockquote><p>Marje Kask <br \/>Kutse\u00f5petaja<\/p>\t\t\t\t\t\t\t\t<\/div>\n\t\t\t\t<\/div>\n\t\t\t\t\t<\/div>\n\t\t<\/div>\n\t\t\t\t\t<\/div>\n\t\t<\/section>\n\t\t\t\t<section class=\"penci-section penci-disSticky penci-structure-10 elementor-section elementor-top-section elementor-element elementor-element-16cfb20 elementor-section-boxed elementor-section-height-default elementor-section-height-default\" data-id=\"16cfb20\" data-element_type=\"section\" data-e-type=\"section\">\n\t\t\t\t\t\t<div class=\"elementor-container elementor-column-gap-default\">\n\t\t\t\t\t<div class=\"penci-ercol-100 penci-ercol-order-1 penci-sticky-ct    elementor-column elementor-col-100 elementor-top-column elementor-element elementor-element-c536b88\" data-id=\"c536b88\" data-element_type=\"column\" data-e-type=\"column\">\n\t\t\t<div class=\"elementor-widget-wrap elementor-element-populated\">\n\t\t\t\t\t\t<div class=\"elementor-element elementor-element-ac3788f elementor-widget elementor-widget-image-gallery\" data-id=\"ac3788f\" data-element_type=\"widget\" data-e-type=\"widget\" data-widget_type=\"image-gallery.default\">\n\t\t\t\t<div class=\"elementor-widget-container\">\n\t\t\t\t\t\t\t<div class=\"elementor-image-gallery\">\n\t\t\t<div data-sliderid=\"93111\" id=\"penci-post-gallery__93111\" class=\"penci-post-gallery-container justified column-4\" data-height=\"150\" data-margin=\"3\"><a class=\"penci-gallery-ite item-gallery-justified\" href=\"https:\/\/www.hariduskeskus.ee\/rahvusvaheline\/wp-content\/uploads\/2020\/11\/M.Kask-Island-tootaja-17-18-2.jpg\" data-rel=\"penci-gallery-image-content\" ><img decoding=\"async\" src=\"https:\/\/www.hariduskeskus.ee\/rahvusvaheline\/wp-content\/uploads\/2020\/11\/M.Kask-Island-tootaja-17-18-2-585x405.jpg\" alt=\"\" title=\"M.Kask Island t\u00f6\u00f6taja 17-18 (2)\"><\/a><a class=\"penci-gallery-ite item-gallery-justified\" href=\"https:\/\/www.hariduskeskus.ee\/rahvusvaheline\/wp-content\/uploads\/2020\/11\/M.Kask-Island-tootaja-17-18-1.jpg\" data-rel=\"penci-gallery-image-content\" ><img decoding=\"async\" src=\"https:\/\/www.hariduskeskus.ee\/rahvusvaheline\/wp-content\/uploads\/2020\/11\/M.Kask-Island-tootaja-17-18-1-585x351.jpg\" alt=\"\" title=\"M.Kask Island t\u00f6\u00f6taja 17-18 (1)\"><\/a><a class=\"penci-gallery-ite item-gallery-justified\" href=\"https:\/\/www.hariduskeskus.ee\/rahvusvaheline\/wp-content\/uploads\/2020\/11\/M.Kask-Island-tootaja-17-18-4.jpg\" data-rel=\"penci-gallery-image-content\" ><img decoding=\"async\" src=\"https:\/\/www.hariduskeskus.ee\/rahvusvaheline\/wp-content\/uploads\/2020\/11\/M.Kask-Island-tootaja-17-18-4-585x351.jpg\" alt=\"\" title=\"M.Kask Island t\u00f6\u00f6taja 17-18 (4)\"><\/a><a class=\"penci-gallery-ite item-gallery-justified\" href=\"https:\/\/www.hariduskeskus.ee\/rahvusvaheline\/wp-content\/uploads\/2020\/11\/M.Kask-Island-tootaja-17-18-3.jpg\" data-rel=\"penci-gallery-image-content\" ><img decoding=\"async\" src=\"https:\/\/www.hariduskeskus.ee\/rahvusvaheline\/wp-content\/uploads\/2020\/11\/M.Kask-Island-tootaja-17-18-3-585x351.jpg\" alt=\"\" title=\"M.Kask Island t\u00f6\u00f6taja 17-18 (3)\"><\/a><\/div>\t\t<\/div>\n\t\t\t\t\t\t<\/div>\n\t\t\t\t<\/div>\n\t\t\t\t\t<\/div>\n\t\t<\/div>\n\t\t\t\t\t<\/div>\n\t\t<\/section>\n\t\t\t\t<\/div>\n\t\t","protected":false},"excerpt":{"rendered":"<p>Aianduse ja metsanduse valdkonna kutse\u00f5petaja Marje Kask viibis 13.-20 maini 2018 Erasmus + projektiga: \u201eMobility Makes Us Professionals IV\u201c, (&hellip;<\/p>\n","protected":false},"author":4,"featured_media":5127,"comment_status":"closed","ping_status":"open","sticky":false,"template":"","format":"standard","meta":{"_lmt_disableupdate":"","_lmt_disable":"","footnotes":""},"categories":[115,4],"tags":[],"class_list":["post-5128","post","type-post","status-publish","format-standard","has-post-thumbnail","hentry","category-2017-2018-tootajad","category-tootajate-opiranne"],"_links":{"self":[{"href":"https:\/\/www.hariduskeskus.ee\/rahvusvaheline\/wp-json\/wp\/v2\/posts\/5128","targetHints":{"allow":["GET"]}}],"collection":[{"href":"https:\/\/www.hariduskeskus.ee\/rahvusvaheline\/wp-json\/wp\/v2\/posts"}],"about":[{"href":"https:\/\/www.hariduskeskus.ee\/rahvusvaheline\/wp-json\/wp\/v2\/types\/post"}],"author":[{"embeddable":true,"href":"https:\/\/www.hariduskeskus.ee\/rahvusvaheline\/wp-json\/wp\/v2\/users\/4"}],"replies":[{"embeddable":true,"href":"https:\/\/www.hariduskeskus.ee\/rahvusvaheline\/wp-json\/wp\/v2\/comments?post=5128"}],"version-history":[{"count":5,"href":"https:\/\/www.hariduskeskus.ee\/rahvusvaheline\/wp-json\/wp\/v2\/posts\/5128\/revisions"}],"predecessor-version":[{"id":5135,"href":"https:\/\/www.hariduskeskus.ee\/rahvusvaheline\/wp-json\/wp\/v2\/posts\/5128\/revisions\/5135"}],"wp:featuredmedia":[{"embeddable":true,"href":"https:\/\/www.hariduskeskus.ee\/rahvusvaheline\/wp-json\/wp\/v2\/media\/5127"}],"wp:attachment":[{"href":"https:\/\/www.hariduskeskus.ee\/rahvusvaheline\/wp-json\/wp\/v2\/media?parent=5128"}],"wp:term":[{"taxonomy":"category","embeddable":true,"href":"https:\/\/www.hariduskeskus.ee\/rahvusvaheline\/wp-json\/wp\/v2\/categories?post=5128"},{"taxonomy":"post_tag","embeddable":true,"href":"https:\/\/www.hariduskeskus.ee\/rahvusvaheline\/wp-json\/wp\/v2\/tags?post=5128"}],"curies":[{"name":"wp","href":"https:\/\/api.w.org\/{rel}","templated":true}]}}