{"id":4764,"date":"2020-11-12T13:25:43","date_gmt":"2020-11-12T13:25:43","guid":{"rendered":"https:\/\/www.hariduskeskus.ee\/international\/?p=4764"},"modified":"2020-11-12T13:30:05","modified_gmt":"2020-11-12T13:30:05","slug":"anastasia-ja-jaanika-kosmeetiku-oppepraktikal-hispaanias","status":"publish","type":"post","link":"https:\/\/www.hariduskeskus.ee\/rahvusvaheline\/anastasia-ja-jaanika-kosmeetiku-oppepraktikal-hispaanias\/","title":{"rendered":"Anastasia ja Jaanika kosmeetiku \u00f5ppepraktikal Hispaanias"},"content":{"rendered":"\t\t<div data-elementor-type=\"wp-post\" data-elementor-id=\"4764\" class=\"elementor elementor-4764\">\n\t\t\t\t\t\t<section class=\"penci-section penci-disSticky penci-structure-10 elementor-section elementor-top-section elementor-element elementor-element-2796b96 elementor-section-boxed elementor-section-height-default elementor-section-height-default\" data-id=\"2796b96\" data-element_type=\"section\" data-e-type=\"section\">\n\t\t\t\t\t\t<div class=\"elementor-container elementor-column-gap-default\">\n\t\t\t\t\t<div class=\"penci-ercol-100 penci-ercol-order-1 penci-sticky-ct    elementor-column elementor-col-100 elementor-top-column elementor-element elementor-element-5a0b0bb\" data-id=\"5a0b0bb\" data-element_type=\"column\" data-e-type=\"column\">\n\t\t\t<div class=\"elementor-widget-wrap elementor-element-populated\">\n\t\t\t\t\t\t<div class=\"elementor-element elementor-element-4d618e6 elementor-widget elementor-widget-text-editor\" data-id=\"4d618e6\" data-element_type=\"widget\" data-e-type=\"widget\" data-widget_type=\"text-editor.default\">\n\t\t\t\t<div class=\"elementor-widget-container\">\n\t\t\t\t\t\t\t\t\t<p>Kosmeetika eriala \u00f5pilased <strong>Jaanika Linn<\/strong> ja <strong>Anastasia Poddubko\u00a0<\/strong>k\u00e4sid \u00f5ppepraktikal Hispaanias Erasmus+ programmiga. Loe rohkem nende \u00f5pir\u00e4nde kohta allpool olevast kokkuv\u00f5ttest.<br \/>Viibisime v\u00e4lispraktikal 15. novembrist \u2013 17.detsembrini Tenerifel Santa Cruzis. Praktikakohaks sai Tenerife pealinnas asuv Centro M\u00e9dico Est\u00e9tico Viera y Clavijo (Calle de San Lucas, 38, 38003). Tegemist on suhteliselt kalli meditsiinikeskusega, kus pakutakse iluteenustele lisaks ka arstlike vastuv\u00f5tte. Pakutakse erinevaid meditsiinilisi vastuv\u00f5tte: traumatoloogia, ps\u00fchholoogia, f\u00fcsioteraapia jne. Kosmeetilisi teenuseid: fotoepilatsioon, vahatamine, n\u00e4ohooldused, massaa\u017e, pedik\u00fc\u00fcr, manik\u00fc\u00fcr ja veel. Praktika eesm\u00e4rkideks seadsime omale v\u00f5\u00f5rkeelte arendamise, uue kultuuriga tutvumise ja kindlasti soovisime \u00f5ppida uusi erialaseid v\u00f5tteid ja oskusi.<br \/>Esimestel praktikap\u00e4evadel tutvusime teenustes kasutuses olevate toodetega ning vaatlesime erinevaid hooldusi. Salongis saime enamasti praktiseerida manik\u00fc\u00fcri, pedik\u00fc\u00fcri nii tava-kui ka geellakiga (O.P.I. br\u00e4nd), vahatamist, kulmude korrigeerimist, n\u00e4ohooldust LED maskiga, n\u00e4opuhastust (Darphini br\u00e4nd) ja korrastada kabinette peale klientide lahkumist. Samuti valmistasime ette erinevaid t\u00f6\u00f6vahendeid: l\u00f5ikasime n\u00e4opuhastuslappe, fooliumeid, vatti jne. Iga p\u00e4evaga saime aina rohkem asju praktiseerida ning leiame, et tulime h\u00e4sti toime meile antud t\u00f6\u00f6\u00fclesannetega ning juhendajad olid meie t\u00f6\u00f6ga v\u00e4ga rahul. Iga p\u00e4ev toimus areng.<br \/>Kogemus oli uudne ning v\u00e4ga huvitav. Saime v\u00e4ga tugeva keelepraktika, sest meie juhendajad r\u00e4\u00e4kisid v\u00e4ga v\u00e4he inglise keelt ja selle t\u00f5ttu pidime igap\u00e4ev purssima hispaania keelt nii palju kui oskasime.<br \/>Tenerifel on v\u00e4ga avatud, rahulikud ja soojad inimesed. P\u00e4ike ja hea ilm annavad inimestele energiat ja hea tuju. Alati tasub taskus omada linnakaarti ja k\u00fcsida inimeste k\u00e4est abi, kui h\u00e4tta j\u00e4\u00e4d. Autoga liiklemine Tenerifel on keeruline, sest teed on kitsad ja autosid palju, tasub osta \u00fchistranspordi kuukaart, millega saab s\u00f5ita nii trammi kui bussiga. Busside ja trammide liiklus on v\u00e4ga tihe ja mugav.<br \/>Probleemsituatsioone meil ei olnud. Veidike raskusi tekitas hispaania keeles r\u00e4\u00e4kimine, kuid sellega tulime igap\u00e4evaga aina rohkem ja rohkem toime. Meie juhendajad ja kliendid olid v\u00e4ga m\u00f5istlikud ja konflikte meil nendega ei tekkinud.<\/p><blockquote><p>Tenerifele tasub v\u00f5tta kaasa erinevaid ravimeid nii seedimise, allergia kui ka n\u00f6 tavahaiguste jaoks, sest kunagi ei tea kuidas organism reageerib kliimamuutustele. \u00d5nneks meie salong asus apteegi \u00fcleval ja me saime palju abi apteekrite k\u00e4est ning nii m\u00f5nigi super ravim sai ostetud ja \u00e4ra proovitud. Juhul kui eksite \u00e4ra v\u00f5i ei leia \u00f5iget kohta, siis s\u00e4ilitage rahu ja k\u00fcsige julgelt abi kohalike k\u00e4est. V\u00f5imalusel \u00f5ppige kohaliku keelt, avastage saart, proovige uusi ja huvitavaid toite ja jooke, k\u00fclastage erinevaid kuurortpiirkondi (Puerto De La Cruz), El Teide vulkaani ja rahvusparki, LoroParki ja v\u00f5imalusel minge kindlasti ookeani ujuma.<\/p><\/blockquote><p>Kuu aega teises riigis \u00f5petab eelk\u00f5ige iseseisvust ning hindama pisikesi asju meie elus. Samuti on oluline s\u00e4ilitada rahulikku meelt, olla arvestav ja s\u00f5bralik \u00fcksteise suhtes, et mitte pingeid tekitada.<br \/>Oleme v\u00e4ga t\u00e4nulikud P\u00e4rnumaa Kutsehariduskeskusele ja Erasmus+ projektile antud v\u00f5imaluse eest.<br \/>Kosmeetiku eriala \u00f5pilased<br \/>Anastasia Poddubko ja Jaanika Linn (ILT-16)<\/p>\t\t\t\t\t\t\t\t<\/div>\n\t\t\t\t<\/div>\n\t\t\t\t\t<\/div>\n\t\t<\/div>\n\t\t\t\t\t<\/div>\n\t\t<\/section>\n\t\t\t\t<section class=\"penci-section penci-disSticky penci-structure-10 elementor-section elementor-top-section elementor-element elementor-element-eea8257 elementor-section-boxed elementor-section-height-default elementor-section-height-default\" data-id=\"eea8257\" data-element_type=\"section\" data-e-type=\"section\">\n\t\t\t\t\t\t<div class=\"elementor-container elementor-column-gap-default\">\n\t\t\t\t\t<div class=\"penci-ercol-100 penci-ercol-order-1 penci-sticky-ct    elementor-column elementor-col-100 elementor-top-column elementor-element elementor-element-056c772\" data-id=\"056c772\" data-element_type=\"column\" data-e-type=\"column\">\n\t\t\t<div class=\"elementor-widget-wrap elementor-element-populated\">\n\t\t\t\t\t\t<div class=\"elementor-element elementor-element-db626e6 elementor-widget elementor-widget-image-gallery\" data-id=\"db626e6\" data-element_type=\"widget\" data-e-type=\"widget\" data-widget_type=\"image-gallery.default\">\n\t\t\t\t<div class=\"elementor-widget-container\">\n\t\t\t\t\t\t\t<div class=\"elementor-image-gallery\">\n\t\t\t<div data-sliderid=\"95798\" id=\"penci-post-gallery__95798\" class=\"penci-post-gallery-container justified column-4\" data-height=\"150\" data-margin=\"3\"><a class=\"penci-gallery-ite item-gallery-justified\" href=\"https:\/\/www.hariduskeskus.ee\/rahvusvaheline\/wp-content\/uploads\/2020\/11\/Anastasia-ja-Jaanika-Hispaanias-kosmeetik-17-18.jpg\" data-rel=\"penci-gallery-image-content\" ><img decoding=\"async\" src=\"https:\/\/www.hariduskeskus.ee\/rahvusvaheline\/wp-content\/uploads\/2020\/11\/Anastasia-ja-Jaanika-Hispaanias-kosmeetik-17-18-585x439.jpg\" alt=\"\" title=\"Anastasia ja Jaanika Hispaanias kosmeetik 17-18\"><\/a><a class=\"penci-gallery-ite item-gallery-justified\" href=\"https:\/\/www.hariduskeskus.ee\/rahvusvaheline\/wp-content\/uploads\/2020\/11\/Anastasia-ja-Jaanika-Hispaanias-17-18.jpg\" data-rel=\"penci-gallery-image-content\" ><img decoding=\"async\" src=\"https:\/\/www.hariduskeskus.ee\/rahvusvaheline\/wp-content\/uploads\/2020\/11\/Anastasia-ja-Jaanika-Hispaanias-17-18-585x439.jpg\" alt=\"\" title=\"Anastasia ja Jaanika Hispaanias 17-18\"><\/a><\/div>\t\t<\/div>\n\t\t\t\t\t\t<\/div>\n\t\t\t\t<\/div>\n\t\t\t\t\t<\/div>\n\t\t<\/div>\n\t\t\t\t\t<\/div>\n\t\t<\/section>\n\t\t\t\t<\/div>\n\t\t","protected":false},"excerpt":{"rendered":"<p>Kosmeetika eriala \u00f5pilased Jaanika Linn ja Anastasia Poddubko\u00a0k\u00e4sid \u00f5ppepraktikal Hispaanias Erasmus+ programmiga. Loe rohkem nende \u00f5pir\u00e4nde kohta allpool olevast kokkuv\u00f5ttest.Viibisime&hellip;<\/p>\n","protected":false},"author":4,"featured_media":4762,"comment_status":"closed","ping_status":"open","sticky":false,"template":"","format":"standard","meta":{"_lmt_disableupdate":"","_lmt_disable":"","footnotes":""},"categories":[111,42,6],"tags":[],"class_list":["post-4764","post","type-post","status-publish","format-standard","has-post-thumbnail","hentry","category-2017-2018-opilased","category-iluteenindus","category-opilaste-valispraktika"],"_links":{"self":[{"href":"https:\/\/www.hariduskeskus.ee\/rahvusvaheline\/wp-json\/wp\/v2\/posts\/4764","targetHints":{"allow":["GET"]}}],"collection":[{"href":"https:\/\/www.hariduskeskus.ee\/rahvusvaheline\/wp-json\/wp\/v2\/posts"}],"about":[{"href":"https:\/\/www.hariduskeskus.ee\/rahvusvaheline\/wp-json\/wp\/v2\/types\/post"}],"author":[{"embeddable":true,"href":"https:\/\/www.hariduskeskus.ee\/rahvusvaheline\/wp-json\/wp\/v2\/users\/4"}],"replies":[{"embeddable":true,"href":"https:\/\/www.hariduskeskus.ee\/rahvusvaheline\/wp-json\/wp\/v2\/comments?post=4764"}],"version-history":[{"count":5,"href":"https:\/\/www.hariduskeskus.ee\/rahvusvaheline\/wp-json\/wp\/v2\/posts\/4764\/revisions"}],"predecessor-version":[{"id":4774,"href":"https:\/\/www.hariduskeskus.ee\/rahvusvaheline\/wp-json\/wp\/v2\/posts\/4764\/revisions\/4774"}],"wp:featuredmedia":[{"embeddable":true,"href":"https:\/\/www.hariduskeskus.ee\/rahvusvaheline\/wp-json\/wp\/v2\/media\/4762"}],"wp:attachment":[{"href":"https:\/\/www.hariduskeskus.ee\/rahvusvaheline\/wp-json\/wp\/v2\/media?parent=4764"}],"wp:term":[{"taxonomy":"category","embeddable":true,"href":"https:\/\/www.hariduskeskus.ee\/rahvusvaheline\/wp-json\/wp\/v2\/categories?post=4764"},{"taxonomy":"post_tag","embeddable":true,"href":"https:\/\/www.hariduskeskus.ee\/rahvusvaheline\/wp-json\/wp\/v2\/tags?post=4764"}],"curies":[{"name":"wp","href":"https:\/\/api.w.org\/{rel}","templated":true}]}}