{"id":4335,"date":"2020-10-24T19:55:56","date_gmt":"2020-10-24T19:55:56","guid":{"rendered":"https:\/\/www.hariduskeskus.ee\/international\/?p=4335"},"modified":"2020-10-24T19:59:44","modified_gmt":"2020-10-24T19:59:44","slug":"tootajad-opirandamas-maltal-2","status":"publish","type":"post","link":"https:\/\/www.hariduskeskus.ee\/rahvusvaheline\/tootajad-opirandamas-maltal-2\/","title":{"rendered":"T\u00f6\u00f6tajad \u00f5pir\u00e4ndamas Maltal"},"content":{"rendered":"\t\t<div data-elementor-type=\"wp-post\" data-elementor-id=\"4335\" class=\"elementor elementor-4335\">\n\t\t\t\t\t\t<section class=\"penci-section penci-disSticky penci-structure-10 elementor-section elementor-top-section elementor-element elementor-element-4e4ab60 elementor-section-boxed elementor-section-height-default elementor-section-height-default\" data-id=\"4e4ab60\" data-element_type=\"section\" data-e-type=\"section\">\n\t\t\t\t\t\t<div class=\"elementor-container elementor-column-gap-default\">\n\t\t\t\t\t<div class=\"penci-ercol-100 penci-ercol-order-1 penci-sticky-ct    elementor-column elementor-col-100 elementor-top-column elementor-element elementor-element-b16c228\" data-id=\"b16c228\" data-element_type=\"column\" data-e-type=\"column\">\n\t\t\t<div class=\"elementor-widget-wrap elementor-element-populated\">\n\t\t\t\t\t\t<div class=\"elementor-element elementor-element-f843860 elementor-widget elementor-widget-text-editor\" data-id=\"f843860\" data-element_type=\"widget\" data-e-type=\"widget\" data-widget_type=\"text-editor.default\">\n\t\t\t\t<div class=\"elementor-widget-container\">\n\t\t\t\t\t\t\t\t\t<p>\u00d5petajad <strong>Hiie P\u00f5ldma, Tiina Kiibus<\/strong> ja <strong>Ly Kukk<\/strong> k\u00e4isid Erasmus+ programmi toel \u00f5pir\u00e4ndes Maltal 12.05-18.05.2019.\u00a0 \u00d5pir\u00e4nde programmi koostamisel oli kooli partneriks ZEAL Inernships Malta.<br \/>Vastuv\u00f5tvaks \u00f5ppeasutuseks oli Malta Turismi Instituut (ITS). \u00dclevaate nende \u00f5pir\u00e4ndest on v\u00f5imalik saada allpool olevast pildigaleriist.<\/p>\t\t\t\t\t\t\t\t<\/div>\n\t\t\t\t<\/div>\n\t\t\t\t\t<\/div>\n\t\t<\/div>\n\t\t\t\t\t<\/div>\n\t\t<\/section>\n\t\t\t\t<section class=\"penci-section penci-disSticky penci-structure-10 elementor-section elementor-top-section elementor-element elementor-element-85b5368 elementor-section-boxed elementor-section-height-default elementor-section-height-default\" data-id=\"85b5368\" data-element_type=\"section\" data-e-type=\"section\">\n\t\t\t\t\t\t<div class=\"elementor-container elementor-column-gap-default\">\n\t\t\t\t\t<div class=\"penci-ercol-100 penci-ercol-order-1 penci-sticky-ct    elementor-column elementor-col-100 elementor-top-column elementor-element elementor-element-5b0373c\" data-id=\"5b0373c\" data-element_type=\"column\" data-e-type=\"column\">\n\t\t\t<div class=\"elementor-widget-wrap elementor-element-populated\">\n\t\t\t\t\t\t<div class=\"elementor-element elementor-element-b6c00ad elementor-widget elementor-widget-image-gallery\" data-id=\"b6c00ad\" data-element_type=\"widget\" data-e-type=\"widget\" data-widget_type=\"image-gallery.default\">\n\t\t\t\t<div class=\"elementor-widget-container\">\n\t\t\t\t\t\t\t<div class=\"elementor-image-gallery\">\n\t\t\t<div data-sliderid=\"27166\" id=\"penci-post-gallery__27166\" class=\"penci-post-gallery-container justified column-4\" data-height=\"150\" data-margin=\"3\"><a class=\"penci-gallery-ite item-gallery-justified\" href=\"https:\/\/www.hariduskeskus.ee\/rahvusvaheline\/wp-content\/uploads\/2020\/10\/Tiina-Hiie-ja-Ly-Maltal-18-19-1.jpg\" data-rel=\"penci-gallery-image-content\" ><img decoding=\"async\" src=\"https:\/\/www.hariduskeskus.ee\/rahvusvaheline\/wp-content\/uploads\/2020\/10\/Tiina-Hiie-ja-Ly-Maltal-18-19-1.jpg\" alt=\"\" title=\"Tiina, Hiie ja Ly Maltal 18-19 (1)\"><\/a><a class=\"penci-gallery-ite item-gallery-justified\" href=\"https:\/\/www.hariduskeskus.ee\/rahvusvaheline\/wp-content\/uploads\/2020\/10\/Tiina-Hiie-ja-Ly-Maltal-18-19-12.jpg\" data-rel=\"penci-gallery-image-content\" ><img decoding=\"async\" src=\"https:\/\/www.hariduskeskus.ee\/rahvusvaheline\/wp-content\/uploads\/2020\/10\/Tiina-Hiie-ja-Ly-Maltal-18-19-12.jpg\" alt=\"\" title=\"Tiina, Hiie ja Ly Maltal 18-19 (12)\"><\/a><a class=\"penci-gallery-ite item-gallery-justified\" href=\"https:\/\/www.hariduskeskus.ee\/rahvusvaheline\/wp-content\/uploads\/2020\/10\/Tiina-Hiie-ja-Ly-Maltal-18-19-11.jpg\" data-rel=\"penci-gallery-image-content\" ><img decoding=\"async\" src=\"https:\/\/www.hariduskeskus.ee\/rahvusvaheline\/wp-content\/uploads\/2020\/10\/Tiina-Hiie-ja-Ly-Maltal-18-19-11.jpg\" alt=\"\" title=\"Tiina, Hiie ja Ly Maltal 18-19 (11)\"><\/a><a class=\"penci-gallery-ite item-gallery-justified\" href=\"https:\/\/www.hariduskeskus.ee\/rahvusvaheline\/wp-content\/uploads\/2020\/10\/Tiina-Hiie-ja-Ly-Maltal-18-19-9.jpg\" data-rel=\"penci-gallery-image-content\" ><img decoding=\"async\" src=\"https:\/\/www.hariduskeskus.ee\/rahvusvaheline\/wp-content\/uploads\/2020\/10\/Tiina-Hiie-ja-Ly-Maltal-18-19-9.jpg\" alt=\"\" title=\"Tiina, Hiie ja Ly Maltal 18-19 (9)\"><\/a><a class=\"penci-gallery-ite item-gallery-justified\" href=\"https:\/\/www.hariduskeskus.ee\/rahvusvaheline\/wp-content\/uploads\/2020\/10\/Tiina-Hiie-ja-Ly-Maltal-18-19-8.jpg\" data-rel=\"penci-gallery-image-content\" ><img decoding=\"async\" src=\"https:\/\/www.hariduskeskus.ee\/rahvusvaheline\/wp-content\/uploads\/2020\/10\/Tiina-Hiie-ja-Ly-Maltal-18-19-8.jpg\" alt=\"\" title=\"Tiina, Hiie ja Ly Maltal 18-19 (8)\"><\/a><a class=\"penci-gallery-ite item-gallery-justified\" href=\"https:\/\/www.hariduskeskus.ee\/rahvusvaheline\/wp-content\/uploads\/2020\/10\/Tiina-Hiie-ja-Ly-Maltal-18-19-10.jpg\" data-rel=\"penci-gallery-image-content\" ><img decoding=\"async\" src=\"https:\/\/www.hariduskeskus.ee\/rahvusvaheline\/wp-content\/uploads\/2020\/10\/Tiina-Hiie-ja-Ly-Maltal-18-19-10.jpg\" alt=\"\" title=\"Tiina, Hiie ja Ly Maltal 18-19 (10)\"><\/a><a class=\"penci-gallery-ite item-gallery-justified\" href=\"https:\/\/www.hariduskeskus.ee\/rahvusvaheline\/wp-content\/uploads\/2020\/10\/Tiina-Hiie-ja-Ly-Maltal-18-19-6.jpg\" data-rel=\"penci-gallery-image-content\" ><img decoding=\"async\" src=\"https:\/\/www.hariduskeskus.ee\/rahvusvaheline\/wp-content\/uploads\/2020\/10\/Tiina-Hiie-ja-Ly-Maltal-18-19-6.jpg\" alt=\"\" title=\"Tiina, Hiie ja Ly Maltal 18-19 (6)\"><\/a><a class=\"penci-gallery-ite item-gallery-justified\" href=\"https:\/\/www.hariduskeskus.ee\/rahvusvaheline\/wp-content\/uploads\/2020\/10\/Tiina-Hiie-ja-Ly-Maltal-18-19-7.jpg\" data-rel=\"penci-gallery-image-content\" ><img decoding=\"async\" src=\"https:\/\/www.hariduskeskus.ee\/rahvusvaheline\/wp-content\/uploads\/2020\/10\/Tiina-Hiie-ja-Ly-Maltal-18-19-7.jpg\" alt=\"\" title=\"Tiina, Hiie ja Ly Maltal 18-19 (7)\"><\/a><a class=\"penci-gallery-ite item-gallery-justified\" href=\"https:\/\/www.hariduskeskus.ee\/rahvusvaheline\/wp-content\/uploads\/2020\/10\/Tiina-Hiie-ja-Ly-Maltal-18-19-3.jpg\" data-rel=\"penci-gallery-image-content\" ><img decoding=\"async\" src=\"https:\/\/www.hariduskeskus.ee\/rahvusvaheline\/wp-content\/uploads\/2020\/10\/Tiina-Hiie-ja-Ly-Maltal-18-19-3.jpg\" alt=\"\" title=\"Tiina, Hiie ja Ly Maltal 18-19 (3)\"><\/a><a class=\"penci-gallery-ite item-gallery-justified\" href=\"https:\/\/www.hariduskeskus.ee\/rahvusvaheline\/wp-content\/uploads\/2020\/10\/Tiina-Hiie-ja-Ly-Maltal-18-19-5.jpg\" data-rel=\"penci-gallery-image-content\" ><img decoding=\"async\" src=\"https:\/\/www.hariduskeskus.ee\/rahvusvaheline\/wp-content\/uploads\/2020\/10\/Tiina-Hiie-ja-Ly-Maltal-18-19-5.jpg\" alt=\"\" title=\"Tiina, Hiie ja Ly Maltal 18-19 (5)\"><\/a><a class=\"penci-gallery-ite item-gallery-justified\" href=\"https:\/\/www.hariduskeskus.ee\/rahvusvaheline\/wp-content\/uploads\/2020\/10\/Tiina-Hiie-ja-Ly-Maltal-18-19-4.jpg\" data-rel=\"penci-gallery-image-content\" ><img decoding=\"async\" src=\"https:\/\/www.hariduskeskus.ee\/rahvusvaheline\/wp-content\/uploads\/2020\/10\/Tiina-Hiie-ja-Ly-Maltal-18-19-4.jpg\" alt=\"\" title=\"Tiina, Hiie ja Ly Maltal 18-19 (4)\"><\/a><a class=\"penci-gallery-ite item-gallery-justified\" href=\"https:\/\/www.hariduskeskus.ee\/rahvusvaheline\/wp-content\/uploads\/2020\/10\/Tiina-Hiie-ja-Ly-Maltal-18-19-2.jpg\" data-rel=\"penci-gallery-image-content\" ><img decoding=\"async\" src=\"https:\/\/www.hariduskeskus.ee\/rahvusvaheline\/wp-content\/uploads\/2020\/10\/Tiina-Hiie-ja-Ly-Maltal-18-19-2.jpg\" alt=\"\" title=\"Tiina, Hiie ja Ly Maltal 18-19 (2)\"><\/a><\/div>\t\t<\/div>\n\t\t\t\t\t\t<\/div>\n\t\t\t\t<\/div>\n\t\t\t\t\t<\/div>\n\t\t<\/div>\n\t\t\t\t\t<\/div>\n\t\t<\/section>\n\t\t\t\t<\/div>\n\t\t","protected":false},"excerpt":{"rendered":"<p>\u00d5petajad Hiie P\u00f5ldma, Tiina Kiibus ja Ly Kukk k\u00e4isid Erasmus+ programmi toel \u00f5pir\u00e4ndes Maltal 12.05-18.05.2019.\u00a0 \u00d5pir\u00e4nde programmi koostamisel oli kooli&hellip;<\/p>\n","protected":false},"author":4,"featured_media":4337,"comment_status":"closed","ping_status":"open","sticky":false,"template":"","format":"standard","meta":{"_lmt_disableupdate":"","_lmt_disable":"","footnotes":""},"categories":[64,4],"tags":[],"class_list":["post-4335","post","type-post","status-publish","format-standard","has-post-thumbnail","hentry","category-2018-2019oa","category-tootajate-opiranne"],"_links":{"self":[{"href":"https:\/\/www.hariduskeskus.ee\/rahvusvaheline\/wp-json\/wp\/v2\/posts\/4335","targetHints":{"allow":["GET"]}}],"collection":[{"href":"https:\/\/www.hariduskeskus.ee\/rahvusvaheline\/wp-json\/wp\/v2\/posts"}],"about":[{"href":"https:\/\/www.hariduskeskus.ee\/rahvusvaheline\/wp-json\/wp\/v2\/types\/post"}],"author":[{"embeddable":true,"href":"https:\/\/www.hariduskeskus.ee\/rahvusvaheline\/wp-json\/wp\/v2\/users\/4"}],"replies":[{"embeddable":true,"href":"https:\/\/www.hariduskeskus.ee\/rahvusvaheline\/wp-json\/wp\/v2\/comments?post=4335"}],"version-history":[{"count":4,"href":"https:\/\/www.hariduskeskus.ee\/rahvusvaheline\/wp-json\/wp\/v2\/posts\/4335\/revisions"}],"predecessor-version":[{"id":4351,"href":"https:\/\/www.hariduskeskus.ee\/rahvusvaheline\/wp-json\/wp\/v2\/posts\/4335\/revisions\/4351"}],"wp:featuredmedia":[{"embeddable":true,"href":"https:\/\/www.hariduskeskus.ee\/rahvusvaheline\/wp-json\/wp\/v2\/media\/4337"}],"wp:attachment":[{"href":"https:\/\/www.hariduskeskus.ee\/rahvusvaheline\/wp-json\/wp\/v2\/media?parent=4335"}],"wp:term":[{"taxonomy":"category","embeddable":true,"href":"https:\/\/www.hariduskeskus.ee\/rahvusvaheline\/wp-json\/wp\/v2\/categories?post=4335"},{"taxonomy":"post_tag","embeddable":true,"href":"https:\/\/www.hariduskeskus.ee\/rahvusvaheline\/wp-json\/wp\/v2\/tags?post=4335"}],"curies":[{"name":"wp","href":"https:\/\/api.w.org\/{rel}","templated":true}]}}