{"id":4237,"date":"2020-10-23T16:24:16","date_gmt":"2020-10-23T16:24:16","guid":{"rendered":"https:\/\/www.hariduskeskus.ee\/international\/?p=4237"},"modified":"2020-10-23T16:32:06","modified_gmt":"2020-10-23T16:32:06","slug":"opetajad-ulle-ja-annely-opirandes-iirimaal","status":"publish","type":"post","link":"https:\/\/www.hariduskeskus.ee\/rahvusvaheline\/opetajad-ulle-ja-annely-opirandes-iirimaal\/","title":{"rendered":"\u00d5petajad \u00dclle ja Annely \u00f5pir\u00e4ndes Iirimaal"},"content":{"rendered":"\t\t<div data-elementor-type=\"wp-post\" data-elementor-id=\"4237\" class=\"elementor elementor-4237\">\n\t\t\t\t\t\t<section class=\"penci-section penci-disSticky penci-structure-10 elementor-section elementor-top-section elementor-element elementor-element-4be1bb0 elementor-section-boxed elementor-section-height-default elementor-section-height-default\" data-id=\"4be1bb0\" data-element_type=\"section\" data-e-type=\"section\">\n\t\t\t\t\t\t<div class=\"elementor-container elementor-column-gap-default\">\n\t\t\t\t\t<div class=\"penci-ercol-100 penci-ercol-order-1 penci-sticky-ct    elementor-column elementor-col-100 elementor-top-column elementor-element elementor-element-e6fbb90\" data-id=\"e6fbb90\" data-element_type=\"column\" data-e-type=\"column\">\n\t\t\t<div class=\"elementor-widget-wrap elementor-element-populated\">\n\t\t\t\t\t\t<div class=\"elementor-element elementor-element-c50a12d elementor-widget elementor-widget-text-editor\" data-id=\"c50a12d\" data-element_type=\"widget\" data-e-type=\"widget\" data-widget_type=\"text-editor.default\">\n\t\t\t\t<div class=\"elementor-widget-container\">\n\t\t\t\t\t\t\t\t\t<p>P\u00e4rnumaa Kutsehariduskeskuse \u00f5petajad <strong>\u00dclle Kivisild<\/strong> ja <strong>Annely Raev<\/strong> k\u00e4isid Erasmus+ programmiga stazeerimas 05.05-11.05.2019 Iirimaal. Loe l\u00e4hemalt \u00f5pir\u00e4nde kohta nende kokkuv\u00f5ttest allpool.<br \/>Praktiseerisime Erasmus+ projekti raames <a href=\"http:\/\/westportcfe.ie\/\">Westport College of Further Education<\/a> kolled\u017eis\u00a0 Iirimaal. \u00d5pir\u00e4nde eesm\u00e4rgiks oli tutvuda Iirimaa hariduss\u00fcsteemi-, kultuuri- ja ajalooga. Eelk\u00f5ige olime aga huvitatud vastuv\u00f5tva kooli tervishoiu valdkonna \u00f5ppekavade sisust, kasutatavatest \u00f5ppemeetoditest ning inglise keele oskuste arendamisest.<br \/>Iirimaal on algkoole (Primary School) 4\u201312 aasta vanustele kokku 3350, vanuses 13\u201318 j\u00e4tkatakse \u00f5ppet\u00f6\u00f6d keskkoolis (Post-Primary School), mida on 4,2 mln rahvaarvuga riigis 730. Osa koole on ainult t\u00fcdrukutele v\u00f5i ainult poistele ning \u00f5pilased kannavad koolivormi. \u00d5pilaskontingent on rahvusvaheline ning \u00fches koolis v\u00f5ib olla \u00fcle kahek\u00fcmne keele ja kultuuri esindaja.<br \/>Westport College of Further Education asustati 2009.a eesm\u00e4rgiga rahuldada hariduslikke vajadusi kogukonnas, mis oli l\u00e4bi teinud sotsiaalsed ja majanduslikud muutused. Kooli eesm\u00e4rk on tagada elukestva \u00f5ppe v\u00f5imalused k\u00f5igile. \u00d5pilased saavad \u00f5ppida rahvusvaheliselt tunnustatud \u00f5ppekavadel (tase 5 ja tase 6), nende \u00f5ppekavade l\u00e4bimine on h\u00fcppelauaks edasisele hariduse omandamisele v\u00f5i ettevalmistus t\u00f6\u00f6ellu suundumiseks. Pakutakse ka \u00f5ppijate ja t\u00f6\u00f6turu vajadustele vastavat t\u00e4iend\u00f5pet. Osad kursused ja teemad on v\u00f5imalik omandada l\u00e4bi e-\u00f5ppe platvormi, mis teeb \u00f5ppimise mugavamaks ja lihtsamaks \u2013 \u00f5pilane saab \u00f5ppida kodus. L\u00e4\u00e4ne Iirimaal on see eriti oluline, kuna \u00fchistranspordi v\u00f5imalused on praktiliselt olematud. Liikuda on v\u00f5imalik isikliku autoga, jalgrattaga ja jalgsi.<br \/>Erilist uhkust tunneb kolled\u017e tellimuse p\u00f5hjal ehitatud fotostuudio; uute tehniliste seadmetega inseneri\u00f5ppe ruumi; autodega sisustatud garaazi (treening\u00fcksuse); koerahooldusstuudio, 50 kohalise loenguruumi ja \u00f5pilaslinnaku \u00fcle. Selle kolled\u017ei \u00f5pilaslinnak sai 2014.a esimeseks suitsuvabaks \u00f5pilaslinnakuks Iirimaal. See t\u00e4hendab, et suitsetamine ei ole lubatud \u00f5pilaslinnakus ega selle maaalal, samuti ei ole lubatud e-sigarettide suitsetamine.<br \/>Terviseteaduste osakonna alla kuulub koolis kolm \u00f5ppekava:<br \/>\u2022 Animal care, tase 5<br \/>\u2022 Animal Science, tase 6<br \/>\u2022 Healtcare Support with EMT, tase 5<br \/>K\u00f5igil \u00f5ppekavadel \u00f5pitakse \u00fcks aasta. Healtcare Support with EMT, tase 5 \u00f5ppekava l\u00f5petanu saab t\u00f6\u00f6tada haiglas toetusmeeskonna liikmena, hoolekandeasutuses, koduhoolduses ja vabatahtlikuna kiirabi meeskonnas assistendina. Kursuse l\u00e4bimine parandab kiirabi meeskonda t\u00f6\u00f6le saamise v\u00f5imalusi. \u00d5ppekava l\u00f5petanu saab j\u00e4tkata \u00f5pinguid \u00f5e \u00f5ppes.<br \/>Lisaks hariduss\u00fcsteemi ja kooliga tutvumisele saime k\u00e4ia erinevates looduskaunites ja rikka ajalooga paikades. \u00dcks selline koht oli Clare Island, kus on palju ajaloolisi ja arheoloogilisi asupaiku, saarel on osaliselt s\u00e4ilinud klooster, mis on tuntud oma haruldaste keskaegsete katusemaalide poolest. Veel hakkas seal silma suur hulk kiviaedasid ja v\u00e4rviliseks v\u00f5\u00f5batud lambaid. Clare Island on kolled\u017ei p\u00f5llumajanduse ja aianduse osakonna praktikabaas.<br \/>Mida saime teada:<br \/>\u2022 \u00d5petajad kuuluvad Iirimaal tugevasse keskklassi ja teenivad h\u00e4sti. <br \/>\u2022 V\u00f5rreldes Eesti ja Iiri koole materiaalset baasi (m\u00f6\u00f6bel, tarvikud, jne) on vahe suur ja seda Eesti kasuks. Tundub, et Iirlased v\u00e4\u00e4rtustavad inimesi ja nende kogemusi enam, kui katsutavaid asju.<br \/>\u2022 Alternatiivsed \u00f5ppekavad pakuvad Iiri \u00f5pilastele v\u00f5imaluse valida keskkooli vanemas astmes neile sobivaim \u00f5ppekava, t\u00e4nu millele on keskkooli l\u00f5puni l\u00e4binute arv kasvanud. <br \/>\u2022 Iirlased on uhked oma \u00fcleminekuaasta \u00fcle, mille jooksul 9. klassi l\u00f5petanud noored omandavad erinevate moodulite ning t\u00f6\u00f6praktika kaudu iseseisvaks eluks vajalikke kogemusi.<br \/>\u2022 Iirlased tegelevad sihikindlamalt riskiperedes kasvavate v\u00e4ikelastega. Iiri haridusministeerium on t\u00f6\u00f6tanud v\u00e4lja programme, mida rakendatakse isegi kolmeaastastele erivajadustega lastele.<\/p>\t\t\t\t\t\t\t\t<\/div>\n\t\t\t\t<\/div>\n\t\t\t\t\t<\/div>\n\t\t<\/div>\n\t\t\t\t\t<\/div>\n\t\t<\/section>\n\t\t\t\t<section class=\"penci-section penci-disSticky penci-structure-10 elementor-section elementor-top-section elementor-element elementor-element-4a131d7 elementor-section-boxed elementor-section-height-default elementor-section-height-default\" data-id=\"4a131d7\" data-element_type=\"section\" data-e-type=\"section\">\n\t\t\t\t\t\t<div class=\"elementor-container elementor-column-gap-default\">\n\t\t\t\t\t<div class=\"penci-ercol-100 penci-ercol-order-1 penci-sticky-ct    elementor-column elementor-col-100 elementor-top-column elementor-element elementor-element-36c46e3\" data-id=\"36c46e3\" data-element_type=\"column\" data-e-type=\"column\">\n\t\t\t<div class=\"elementor-widget-wrap elementor-element-populated\">\n\t\t\t\t\t\t<div class=\"elementor-element elementor-element-5245785 elementor-widget elementor-widget-image-gallery\" data-id=\"5245785\" data-element_type=\"widget\" data-e-type=\"widget\" data-widget_type=\"image-gallery.default\">\n\t\t\t\t<div class=\"elementor-widget-container\">\n\t\t\t\t\t\t\t<div class=\"elementor-image-gallery\">\n\t\t\t<div data-sliderid=\"95559\" id=\"penci-post-gallery__95559\" class=\"penci-post-gallery-container justified column-4\" data-height=\"150\" data-margin=\"3\"><a class=\"penci-gallery-ite item-gallery-justified\" href=\"https:\/\/www.hariduskeskus.ee\/rahvusvaheline\/wp-content\/uploads\/2020\/10\/Annely-ja-Ulle-Iirimaal-18-19-9.jpg\" data-rel=\"penci-gallery-image-content\" ><img decoding=\"async\" src=\"https:\/\/www.hariduskeskus.ee\/rahvusvaheline\/wp-content\/uploads\/2020\/10\/Annely-ja-Ulle-Iirimaal-18-19-9.jpg\" alt=\"\" title=\"Annely ja \u00dclle Iirimaal 18-19 (9)\"><\/a><a class=\"penci-gallery-ite item-gallery-justified\" href=\"https:\/\/www.hariduskeskus.ee\/rahvusvaheline\/wp-content\/uploads\/2020\/10\/Annely-ja-Ulle-Iirimaal-18-19-4.jpg\" data-rel=\"penci-gallery-image-content\" ><img decoding=\"async\" src=\"https:\/\/www.hariduskeskus.ee\/rahvusvaheline\/wp-content\/uploads\/2020\/10\/Annely-ja-Ulle-Iirimaal-18-19-4-585x439.jpg\" alt=\"\" title=\"Annely ja \u00dclle Iirimaal 18-19 (4)\"><\/a><a class=\"penci-gallery-ite item-gallery-justified\" href=\"https:\/\/www.hariduskeskus.ee\/rahvusvaheline\/wp-content\/uploads\/2020\/10\/Annely-ja-Ulle-Iirimaal-18-19-5.jpg\" data-rel=\"penci-gallery-image-content\" ><img decoding=\"async\" src=\"https:\/\/www.hariduskeskus.ee\/rahvusvaheline\/wp-content\/uploads\/2020\/10\/Annely-ja-Ulle-Iirimaal-18-19-5.jpg\" alt=\"\" title=\"Annely ja \u00dclle Iirimaal 18-19 (5)\"><\/a><a class=\"penci-gallery-ite item-gallery-justified\" href=\"https:\/\/www.hariduskeskus.ee\/rahvusvaheline\/wp-content\/uploads\/2020\/10\/Annely-ja-Ulle-Iirimaal-18-19-3.jpg\" data-rel=\"penci-gallery-image-content\" ><img decoding=\"async\" src=\"https:\/\/www.hariduskeskus.ee\/rahvusvaheline\/wp-content\/uploads\/2020\/10\/Annely-ja-Ulle-Iirimaal-18-19-3-585x780.jpg\" alt=\"\" title=\"Annely ja \u00dclle Iirimaal 18-19 (3)\"><\/a><a class=\"penci-gallery-ite item-gallery-justified\" href=\"https:\/\/www.hariduskeskus.ee\/rahvusvaheline\/wp-content\/uploads\/2020\/10\/Annely-ja-Ulle-Iirimaal-18-19-2.jpg\" data-rel=\"penci-gallery-image-content\" ><img decoding=\"async\" src=\"https:\/\/www.hariduskeskus.ee\/rahvusvaheline\/wp-content\/uploads\/2020\/10\/Annely-ja-Ulle-Iirimaal-18-19-2-585x780.jpg\" alt=\"\" title=\"Annely ja \u00dclle Iirimaal 18-19 (2)\"><\/a><a class=\"penci-gallery-ite item-gallery-justified\" href=\"https:\/\/www.hariduskeskus.ee\/rahvusvaheline\/wp-content\/uploads\/2020\/10\/Annely-ja-Ulle-Iirimaal-18-19-10.jpg\" data-rel=\"penci-gallery-image-content\" ><img decoding=\"async\" src=\"https:\/\/www.hariduskeskus.ee\/rahvusvaheline\/wp-content\/uploads\/2020\/10\/Annely-ja-Ulle-Iirimaal-18-19-10.jpg\" alt=\"\" title=\"Annely ja \u00dclle Iirimaal 18-19 (10)\"><\/a><a class=\"penci-gallery-ite item-gallery-justified\" href=\"https:\/\/www.hariduskeskus.ee\/rahvusvaheline\/wp-content\/uploads\/2020\/10\/Annely-ja-Ulle-Iirimaal-18-19-14.jpg\" data-rel=\"penci-gallery-image-content\" ><img decoding=\"async\" src=\"https:\/\/www.hariduskeskus.ee\/rahvusvaheline\/wp-content\/uploads\/2020\/10\/Annely-ja-Ulle-Iirimaal-18-19-14.jpg\" alt=\"\" title=\"Annely ja \u00dclle Iirimaal 18-19 (14)\"><\/a><a class=\"penci-gallery-ite item-gallery-justified\" href=\"https:\/\/www.hariduskeskus.ee\/rahvusvaheline\/wp-content\/uploads\/2020\/10\/Annely-ja-Ulle-Iirimaal-18-19-12.jpg\" data-rel=\"penci-gallery-image-content\" ><img decoding=\"async\" src=\"https:\/\/www.hariduskeskus.ee\/rahvusvaheline\/wp-content\/uploads\/2020\/10\/Annely-ja-Ulle-Iirimaal-18-19-12.jpg\" alt=\"\" title=\"Annely ja \u00dclle Iirimaal 18-19 (12)\"><\/a><a class=\"penci-gallery-ite item-gallery-justified\" href=\"https:\/\/www.hariduskeskus.ee\/rahvusvaheline\/wp-content\/uploads\/2020\/10\/Annely-ja-Ulle-Iirimaal-18-19-13.jpg\" data-rel=\"penci-gallery-image-content\" ><img decoding=\"async\" src=\"https:\/\/www.hariduskeskus.ee\/rahvusvaheline\/wp-content\/uploads\/2020\/10\/Annely-ja-Ulle-Iirimaal-18-19-13-585x622.jpg\" alt=\"\" title=\"Annely ja \u00dclle Iirimaal 18-19 (13)\"><\/a><a class=\"penci-gallery-ite item-gallery-justified\" href=\"https:\/\/www.hariduskeskus.ee\/rahvusvaheline\/wp-content\/uploads\/2020\/10\/Annely-ja-Ulle-Iirimaal-18-19-11.jpg\" data-rel=\"penci-gallery-image-content\" ><img decoding=\"async\" src=\"https:\/\/www.hariduskeskus.ee\/rahvusvaheline\/wp-content\/uploads\/2020\/10\/Annely-ja-Ulle-Iirimaal-18-19-11-585x356.jpg\" alt=\"\" title=\"Annely ja \u00dclle Iirimaal 18-19 (11)\"><\/a><a class=\"penci-gallery-ite item-gallery-justified\" href=\"https:\/\/www.hariduskeskus.ee\/rahvusvaheline\/wp-content\/uploads\/2020\/10\/Annely-ja-Ulle-Iirimaal-18-19-8.jpg\" data-rel=\"penci-gallery-image-content\" ><img decoding=\"async\" src=\"https:\/\/www.hariduskeskus.ee\/rahvusvaheline\/wp-content\/uploads\/2020\/10\/Annely-ja-Ulle-Iirimaal-18-19-8-585x370.jpg\" alt=\"\" title=\"Annely ja \u00dclle Iirimaal 18-19 (8)\"><\/a><a class=\"penci-gallery-ite item-gallery-justified\" href=\"https:\/\/www.hariduskeskus.ee\/rahvusvaheline\/wp-content\/uploads\/2020\/10\/Annely-ja-Ulle-Iirimaal-18-19-6.jpg\" data-rel=\"penci-gallery-image-content\" ><img decoding=\"async\" src=\"https:\/\/www.hariduskeskus.ee\/rahvusvaheline\/wp-content\/uploads\/2020\/10\/Annely-ja-Ulle-Iirimaal-18-19-6-585x376.jpg\" alt=\"\" title=\"Annely ja \u00dclle Iirimaal 18-19 (6)\"><\/a><a class=\"penci-gallery-ite item-gallery-justified\" href=\"https:\/\/www.hariduskeskus.ee\/rahvusvaheline\/wp-content\/uploads\/2020\/10\/Annely-ja-Ulle-Iirimaal-18-19-1.jpg\" data-rel=\"penci-gallery-image-content\" ><img decoding=\"async\" src=\"https:\/\/www.hariduskeskus.ee\/rahvusvaheline\/wp-content\/uploads\/2020\/10\/Annely-ja-Ulle-Iirimaal-18-19-1-585x677.jpg\" alt=\"\" title=\"Annely ja \u00dclle Iirimaal 18-19 (1)\"><\/a><a class=\"penci-gallery-ite item-gallery-justified\" href=\"https:\/\/www.hariduskeskus.ee\/rahvusvaheline\/wp-content\/uploads\/2020\/10\/Annely-ja-Ulle-Iirimaal-18-19-15.jpg\" data-rel=\"penci-gallery-image-content\" ><img decoding=\"async\" src=\"https:\/\/www.hariduskeskus.ee\/rahvusvaheline\/wp-content\/uploads\/2020\/10\/Annely-ja-Ulle-Iirimaal-18-19-15.jpg\" alt=\"\" title=\"Annely ja \u00dclle Iirimaal 18-19 (15)\"><\/a><\/div>\t\t<\/div>\n\t\t\t\t\t\t<\/div>\n\t\t\t\t<\/div>\n\t\t\t\t\t<\/div>\n\t\t<\/div>\n\t\t\t\t\t<\/div>\n\t\t<\/section>\n\t\t\t\t<\/div>\n\t\t","protected":false},"excerpt":{"rendered":"<p>P\u00e4rnumaa Kutsehariduskeskuse \u00f5petajad \u00dclle Kivisild ja Annely Raev k\u00e4isid Erasmus+ programmiga stazeerimas 05.05-11.05.2019 Iirimaal. Loe l\u00e4hemalt \u00f5pir\u00e4nde kohta nende kokkuv\u00f5ttest&hellip;<\/p>\n","protected":false},"author":4,"featured_media":4241,"comment_status":"closed","ping_status":"open","sticky":false,"template":"","format":"standard","meta":{"_lmt_disableupdate":"","_lmt_disable":"","footnotes":""},"categories":[64,4],"tags":[],"class_list":["post-4237","post","type-post","status-publish","format-standard","has-post-thumbnail","hentry","category-2018-2019oa","category-tootajate-opiranne"],"_links":{"self":[{"href":"https:\/\/www.hariduskeskus.ee\/rahvusvaheline\/wp-json\/wp\/v2\/posts\/4237","targetHints":{"allow":["GET"]}}],"collection":[{"href":"https:\/\/www.hariduskeskus.ee\/rahvusvaheline\/wp-json\/wp\/v2\/posts"}],"about":[{"href":"https:\/\/www.hariduskeskus.ee\/rahvusvaheline\/wp-json\/wp\/v2\/types\/post"}],"author":[{"embeddable":true,"href":"https:\/\/www.hariduskeskus.ee\/rahvusvaheline\/wp-json\/wp\/v2\/users\/4"}],"replies":[{"embeddable":true,"href":"https:\/\/www.hariduskeskus.ee\/rahvusvaheline\/wp-json\/wp\/v2\/comments?post=4237"}],"version-history":[{"count":4,"href":"https:\/\/www.hariduskeskus.ee\/rahvusvaheline\/wp-json\/wp\/v2\/posts\/4237\/revisions"}],"predecessor-version":[{"id":4256,"href":"https:\/\/www.hariduskeskus.ee\/rahvusvaheline\/wp-json\/wp\/v2\/posts\/4237\/revisions\/4256"}],"wp:featuredmedia":[{"embeddable":true,"href":"https:\/\/www.hariduskeskus.ee\/rahvusvaheline\/wp-json\/wp\/v2\/media\/4241"}],"wp:attachment":[{"href":"https:\/\/www.hariduskeskus.ee\/rahvusvaheline\/wp-json\/wp\/v2\/media?parent=4237"}],"wp:term":[{"taxonomy":"category","embeddable":true,"href":"https:\/\/www.hariduskeskus.ee\/rahvusvaheline\/wp-json\/wp\/v2\/categories?post=4237"},{"taxonomy":"post_tag","embeddable":true,"href":"https:\/\/www.hariduskeskus.ee\/rahvusvaheline\/wp-json\/wp\/v2\/tags?post=4237"}],"curies":[{"name":"wp","href":"https:\/\/api.w.org\/{rel}","templated":true}]}}