{"id":4179,"date":"2020-10-23T15:30:52","date_gmt":"2020-10-23T15:30:52","guid":{"rendered":"https:\/\/www.hariduskeskus.ee\/international\/?p=4179"},"modified":"2020-10-23T15:37:13","modified_gmt":"2020-10-23T15:37:13","slug":"opetajad-kulli-ja-kaie-stazeerimas-barcelonas-hispaanias","status":"publish","type":"post","link":"https:\/\/www.hariduskeskus.ee\/rahvusvaheline\/opetajad-kulli-ja-kaie-stazeerimas-barcelonas-hispaanias\/","title":{"rendered":"\u00d5petajad K\u00fclli ja Kaie sta\u017eeerimas Barcelonas, Hispaanias"},"content":{"rendered":"\t\t<div data-elementor-type=\"wp-post\" data-elementor-id=\"4179\" class=\"elementor elementor-4179\">\n\t\t\t\t\t\t<section class=\"penci-section penci-disSticky penci-structure-10 elementor-section elementor-top-section elementor-element elementor-element-bbf723d elementor-section-boxed elementor-section-height-default elementor-section-height-default\" data-id=\"bbf723d\" data-element_type=\"section\" data-e-type=\"section\">\n\t\t\t\t\t\t<div class=\"elementor-container elementor-column-gap-default\">\n\t\t\t\t\t<div class=\"penci-ercol-100 penci-ercol-order-1 penci-sticky-ct    elementor-column elementor-col-100 elementor-top-column elementor-element elementor-element-fde3dfe\" data-id=\"fde3dfe\" data-element_type=\"column\" data-e-type=\"column\">\n\t\t\t<div class=\"elementor-widget-wrap elementor-element-populated\">\n\t\t\t\t\t\t<div class=\"elementor-element elementor-element-339cece elementor-widget elementor-widget-text-editor\" data-id=\"339cece\" data-element_type=\"widget\" data-e-type=\"widget\" data-widget_type=\"text-editor.default\">\n\t\t\t\t<div class=\"elementor-widget-container\">\n\t\t\t\t\t\t\t\t\t<p>P\u00e4rnumaa KHK teenindus\u00f5ppeosakonna kutse\u00f5petajad <strong>K\u00fclli \u0160orin<\/strong> ja <strong>Kaie P\u00e4rn<\/strong> osalesid Erasmus+ programmiga \u00f5pir\u00e4ndes 5.-11.mai 2019. R\u00e4nde sihtkohaks oli Barcelona, Hispaania.<br \/>Enne \u00f5pir\u00e4nnet l\u00e4bisid \u00f5petajad A1.1 taseme hispaania keele kursuse ja said algteadmised keelest ja hispaania kultuurist ja traditsioonidest. (K\u00fclli j\u00e4tkab keele\u00f5pinguid A1.2 kursusel, mis toimub T\u00dc P\u00e4rnu Kolled\u017eis). Lisaks toimus eelnevalt ka inglise keele suhtluskeele kursus. \u00d5pir\u00e4nne oli projektijuht Karmen Torini poolt v\u00e4ga h\u00e4sti korraldatud (transport, majutus, koolide k\u00fclastused, lepingute vormistamine, kingitused, kindlustused).\u00a0 \u00d5pir\u00e4nde k\u00e4igus k\u00fclastati kahte kooli. <br \/>Esimesena koolina k\u00fclastati Joan Brossa Instituuti. \u00dchel territooriumil tegutseb kolm erinevat kooli \u2013 p\u00f5hikool, kutsekool ja keeltekool. Koolid teevad omavahel koost\u00f6\u00f6d. Kutsekoolis \u00f5pib ca 400 \u00f5pilast ja \u00f5petajaid on 30. Kool pakub 4 ja 5 taseme kutse\u00f5pet. \u00d5pilased \u00f5pivad \u00fchel tasemel kaks aastat. Viiendal tasemel on v\u00f5imalik korraga \u00f5ppida ka kahel erialal. Siis on \u00f5ppeaeg kolm aastat. Neljanda taseme erialaga (M\u00fc\u00fcgit\u00f6\u00f6 \u2013 Activitats Comercials) luuakse alus t\u00f6\u00f6le minekuks kaubandusse v\u00f5i siis edasi\u00f5ppimiseks j\u00e4rgmistel erialadel \u2013 M\u00fc\u00fcgijuht v\u00f5i Transport ja Logistika v\u00f5i Rahvusvaheline m\u00fc\u00fck v\u00f5i Optika spetsialist. \u00d5pilased k\u00e4ivad praktikal kord kahe aasta jooksul, praegu 350 tundi, edaspidi 500 tundi (seoses seaduse muutusega). \u00d5ppegrupid on erineva suurusega 20-30 \u00f5pilast. Vajadusel jagatakse osades tundides grupp ka pooleks.\u00a0 \u00d5ppet\u00f6\u00f6 toimub hommikuses ja \u00f5htuses vahetuses. On \u00f5ppijaid, kes \u00f5pivad duaalprogrammi alusel ehk teatud p\u00e4evad n\u00e4dalast on koolis ja osad ettev\u00f5ttes.\u00a0 Koolis on palju arvutiklasse. Suur osa \u00f5ppet\u00f6\u00f6st toimub projektip\u00f5hiselt. Kooli l\u00f5petamiseks kujundavad \u00f5pilased oma kodulehek\u00fclje ja tutvustavad seda komisjonile. Lisaks on koolis \u00f5ppeklassina ka Desiguali poolt sisustatud ruum, kus saab l\u00e4bi viia praktilisi tunde. Praktilise tegevusena kujundavad \u00f5ppijad ka poe makette ja vaateaknaid, see toimub r\u00fchmat\u00f6\u00f6na. P\u00e4rnumaa KHK esindajad said v\u00f5imaluse tutvustada \u00f5pilastele ka oma kooli, seda tehti hispaania ja inglise keeles. \u00d5pilastele avaldas s\u00fcgavat muljet PKHK asukoht (keset suurt rohelust) ja valgusk\u00fcllased ning avarad klassiruumid.<br \/>Kolm p\u00e4eva selles koolis andis \u00f5pir\u00e4ndajatele h\u00e4id m\u00f5tteid ja ideid, mida edaspidistes tundides kasutada \u2013 poemaketid, virtuaalse m\u00fc\u00fcgikeskkonna \u00fchiskasutus teiste koolidega, \u00f5pilaste kodulehek\u00fclje kujundamine, projektip\u00f5hine \u00f5pe.<br \/>Teine kool, millega oli v\u00f5imalik tutvuda, on \u00fcle saja aasta tagasi asutatud Lluisa Cura Instituut. Kooli projektijuht ja turunduse \u00f5petajad tutvustasid koolimaja, \u00f5petatavaid erialasid, projektit\u00f6\u00f6d ja praktika korraldust. Koolis on palju arvutiklasse ja leidub ka ruume praktilisteks tegevusteks (vaateakende kujundamine, m\u00fc\u00fcgisaal). Kooli erip\u00e4raks on see, et \u00f5ppijad on t\u00e4iskasvanud ja \u00f5pitakse eelk\u00f5ige enda huvist l\u00e4htuvalt. Turunduse \u00f5petaja jagas projektit\u00f6\u00f6 materjale ja kogemusi ning on edaspidi valmis tegema ka koost\u00f6\u00f6d.<\/p><blockquote><p>\u00d5pir\u00e4nne oli osalejate jaoks huvitav, vajalik ja ideid andev. Ait\u00e4h!<\/p><\/blockquote>\t\t\t\t\t\t\t\t<\/div>\n\t\t\t\t<\/div>\n\t\t\t\t\t<\/div>\n\t\t<\/div>\n\t\t\t\t\t<\/div>\n\t\t<\/section>\n\t\t\t\t<section class=\"penci-section penci-disSticky penci-structure-10 elementor-section elementor-top-section elementor-element elementor-element-7fa9561 elementor-section-boxed elementor-section-height-default elementor-section-height-default\" data-id=\"7fa9561\" data-element_type=\"section\" data-e-type=\"section\">\n\t\t\t\t\t\t<div class=\"elementor-container elementor-column-gap-default\">\n\t\t\t\t\t<div class=\"penci-ercol-100 penci-ercol-order-1 penci-sticky-ct    elementor-column elementor-col-100 elementor-top-column elementor-element elementor-element-358a949\" data-id=\"358a949\" data-element_type=\"column\" data-e-type=\"column\">\n\t\t\t<div class=\"elementor-widget-wrap elementor-element-populated\">\n\t\t\t\t\t\t<div class=\"elementor-element elementor-element-2eb6a4c elementor-widget elementor-widget-image-gallery\" data-id=\"2eb6a4c\" data-element_type=\"widget\" data-e-type=\"widget\" data-widget_type=\"image-gallery.default\">\n\t\t\t\t<div class=\"elementor-widget-container\">\n\t\t\t\t\t\t\t<div class=\"elementor-image-gallery\">\n\t\t\t<div data-sliderid=\"84432\" id=\"penci-post-gallery__84432\" class=\"penci-post-gallery-container justified column-4\" data-height=\"150\" data-margin=\"3\"><a class=\"penci-gallery-ite item-gallery-justified\" href=\"https:\/\/www.hariduskeskus.ee\/rahvusvaheline\/wp-content\/uploads\/2020\/10\/Kulli-ja-Kaie-Barcelonas-18-19-15.jpg\" data-rel=\"penci-gallery-image-content\" ><img decoding=\"async\" src=\"https:\/\/www.hariduskeskus.ee\/rahvusvaheline\/wp-content\/uploads\/2020\/10\/Kulli-ja-Kaie-Barcelonas-18-19-15-585x329.jpg\" alt=\"\" title=\"K\u00fclli ja Kaie Barcelonas 18-19 (15)\"><\/a><a class=\"penci-gallery-ite item-gallery-justified\" href=\"https:\/\/www.hariduskeskus.ee\/rahvusvaheline\/wp-content\/uploads\/2020\/10\/Kulli-ja-Kaie-Barcelonas-18-19-16.jpg\" data-rel=\"penci-gallery-image-content\" ><img decoding=\"async\" src=\"https:\/\/www.hariduskeskus.ee\/rahvusvaheline\/wp-content\/uploads\/2020\/10\/Kulli-ja-Kaie-Barcelonas-18-19-16-585x329.jpg\" alt=\"\" title=\"K\u00fclli ja Kaie Barcelonas 18-19 (16)\"><\/a><a class=\"penci-gallery-ite item-gallery-justified\" href=\"https:\/\/www.hariduskeskus.ee\/rahvusvaheline\/wp-content\/uploads\/2020\/10\/Kulli-ja-Kaie-Barcelonas-18-19-14.jpg\" data-rel=\"penci-gallery-image-content\" ><img decoding=\"async\" src=\"https:\/\/www.hariduskeskus.ee\/rahvusvaheline\/wp-content\/uploads\/2020\/10\/Kulli-ja-Kaie-Barcelonas-18-19-14-585x329.jpg\" alt=\"\" title=\"K\u00fclli ja Kaie Barcelonas 18-19 (14)\"><\/a><a class=\"penci-gallery-ite item-gallery-justified\" href=\"https:\/\/www.hariduskeskus.ee\/rahvusvaheline\/wp-content\/uploads\/2020\/10\/Kulli-ja-Kaie-Barcelonas-18-19-13.jpg\" data-rel=\"penci-gallery-image-content\" ><img decoding=\"async\" src=\"https:\/\/www.hariduskeskus.ee\/rahvusvaheline\/wp-content\/uploads\/2020\/10\/Kulli-ja-Kaie-Barcelonas-18-19-13-585x329.jpg\" alt=\"\" title=\"K\u00fclli ja Kaie Barcelonas 18-19 (13)\"><\/a><a class=\"penci-gallery-ite item-gallery-justified\" href=\"https:\/\/www.hariduskeskus.ee\/rahvusvaheline\/wp-content\/uploads\/2020\/10\/Kulli-ja-Kaie-Barcelonas-18-19-12.jpg\" data-rel=\"penci-gallery-image-content\" ><img decoding=\"async\" src=\"https:\/\/www.hariduskeskus.ee\/rahvusvaheline\/wp-content\/uploads\/2020\/10\/Kulli-ja-Kaie-Barcelonas-18-19-12-585x438.jpg\" alt=\"\" title=\"K\u00fclli ja Kaie Barcelonas 18-19 (12)\"><\/a><a class=\"penci-gallery-ite item-gallery-justified\" href=\"https:\/\/www.hariduskeskus.ee\/rahvusvaheline\/wp-content\/uploads\/2020\/10\/Kulli-ja-Kaie-Barcelonas-18-19-11.jpg\" data-rel=\"penci-gallery-image-content\" ><img decoding=\"async\" src=\"https:\/\/www.hariduskeskus.ee\/rahvusvaheline\/wp-content\/uploads\/2020\/10\/Kulli-ja-Kaie-Barcelonas-18-19-11-585x329.jpg\" alt=\"\" title=\"K\u00fclli ja Kaie Barcelonas 18-19 (11)\"><\/a><a class=\"penci-gallery-ite item-gallery-justified\" href=\"https:\/\/www.hariduskeskus.ee\/rahvusvaheline\/wp-content\/uploads\/2020\/10\/Kulli-ja-Kaie-Barcelonas-18-19-10.jpg\" data-rel=\"penci-gallery-image-content\" ><img decoding=\"async\" src=\"https:\/\/www.hariduskeskus.ee\/rahvusvaheline\/wp-content\/uploads\/2020\/10\/Kulli-ja-Kaie-Barcelonas-18-19-10.jpg\" alt=\"\" title=\"K\u00fclli ja Kaie Barcelonas 18-19 (10)\"><\/a><a class=\"penci-gallery-ite item-gallery-justified\" href=\"https:\/\/www.hariduskeskus.ee\/rahvusvaheline\/wp-content\/uploads\/2020\/10\/Kulli-ja-Kaie-Barcelonas-18-19-8.jpg\" data-rel=\"penci-gallery-image-content\" ><img decoding=\"async\" src=\"https:\/\/www.hariduskeskus.ee\/rahvusvaheline\/wp-content\/uploads\/2020\/10\/Kulli-ja-Kaie-Barcelonas-18-19-8-585x329.jpg\" alt=\"\" title=\"K\u00fclli ja Kaie Barcelonas 18-19 (8)\"><\/a><a class=\"penci-gallery-ite item-gallery-justified\" href=\"https:\/\/www.hariduskeskus.ee\/rahvusvaheline\/wp-content\/uploads\/2020\/10\/Kulli-ja-Kaie-Barcelonas-18-19-9.jpg\" data-rel=\"penci-gallery-image-content\" ><img decoding=\"async\" src=\"https:\/\/www.hariduskeskus.ee\/rahvusvaheline\/wp-content\/uploads\/2020\/10\/Kulli-ja-Kaie-Barcelonas-18-19-9-585x329.jpg\" alt=\"\" title=\"K\u00fclli ja Kaie Barcelonas 18-19 (9)\"><\/a><a class=\"penci-gallery-ite item-gallery-justified\" href=\"https:\/\/www.hariduskeskus.ee\/rahvusvaheline\/wp-content\/uploads\/2020\/10\/Kulli-ja-Kaie-Barcelonas-18-19-7.jpg\" data-rel=\"penci-gallery-image-content\" ><img decoding=\"async\" src=\"https:\/\/www.hariduskeskus.ee\/rahvusvaheline\/wp-content\/uploads\/2020\/10\/Kulli-ja-Kaie-Barcelonas-18-19-7.jpg\" alt=\"\" title=\"K\u00fclli ja Kaie Barcelonas 18-19 (7)\"><\/a><a class=\"penci-gallery-ite item-gallery-justified\" href=\"https:\/\/www.hariduskeskus.ee\/rahvusvaheline\/wp-content\/uploads\/2020\/10\/Kulli-ja-Kaie-Barcelonas-18-19-6.jpg\" data-rel=\"penci-gallery-image-content\" ><img decoding=\"async\" src=\"https:\/\/www.hariduskeskus.ee\/rahvusvaheline\/wp-content\/uploads\/2020\/10\/Kulli-ja-Kaie-Barcelonas-18-19-6-585x1037.jpg\" alt=\"\" title=\"K\u00fclli ja Kaie Barcelonas 18-19 (6)\"><\/a><a class=\"penci-gallery-ite item-gallery-justified\" href=\"https:\/\/www.hariduskeskus.ee\/rahvusvaheline\/wp-content\/uploads\/2020\/10\/Kulli-ja-Kaie-Barcelonas-18-19-5.jpg\" data-rel=\"penci-gallery-image-content\" ><img decoding=\"async\" src=\"https:\/\/www.hariduskeskus.ee\/rahvusvaheline\/wp-content\/uploads\/2020\/10\/Kulli-ja-Kaie-Barcelonas-18-19-5-585x329.jpg\" alt=\"\" title=\"K\u00fclli ja Kaie Barcelonas 18-19 (5)\"><\/a><a class=\"penci-gallery-ite item-gallery-justified\" href=\"https:\/\/www.hariduskeskus.ee\/rahvusvaheline\/wp-content\/uploads\/2020\/10\/Kulli-ja-Kaie-Barcelonas-18-19-4.jpg\" data-rel=\"penci-gallery-image-content\" ><img decoding=\"async\" src=\"https:\/\/www.hariduskeskus.ee\/rahvusvaheline\/wp-content\/uploads\/2020\/10\/Kulli-ja-Kaie-Barcelonas-18-19-4-585x329.jpg\" alt=\"\" title=\"K\u00fclli ja Kaie Barcelonas 18-19 (4)\"><\/a><a class=\"penci-gallery-ite item-gallery-justified\" href=\"https:\/\/www.hariduskeskus.ee\/rahvusvaheline\/wp-content\/uploads\/2020\/10\/Kulli-ja-Kaie-Barcelonas-18-19-3.jpg\" data-rel=\"penci-gallery-image-content\" ><img decoding=\"async\" src=\"https:\/\/www.hariduskeskus.ee\/rahvusvaheline\/wp-content\/uploads\/2020\/10\/Kulli-ja-Kaie-Barcelonas-18-19-3-585x439.jpg\" alt=\"\" title=\"K\u00fclli ja Kaie Barcelonas 18-19 (3)\"><\/a><a class=\"penci-gallery-ite item-gallery-justified\" href=\"https:\/\/www.hariduskeskus.ee\/rahvusvaheline\/wp-content\/uploads\/2020\/10\/Kulli-ja-Kaie-Barcelonas-18-19-2.jpg\" data-rel=\"penci-gallery-image-content\" ><img decoding=\"async\" src=\"https:\/\/www.hariduskeskus.ee\/rahvusvaheline\/wp-content\/uploads\/2020\/10\/Kulli-ja-Kaie-Barcelonas-18-19-2-585x439.jpg\" alt=\"\" title=\"K\u00fclli ja Kaie Barcelonas 18-19 (2)\"><\/a><a class=\"penci-gallery-ite item-gallery-justified\" href=\"https:\/\/www.hariduskeskus.ee\/rahvusvaheline\/wp-content\/uploads\/2020\/10\/Kulli-ja-Kaie-Barcelonas-18-19-17.jpg\" data-rel=\"penci-gallery-image-content\" ><img decoding=\"async\" src=\"https:\/\/www.hariduskeskus.ee\/rahvusvaheline\/wp-content\/uploads\/2020\/10\/Kulli-ja-Kaie-Barcelonas-18-19-17-585x329.jpg\" alt=\"\" title=\"K\u00fclli ja Kaie Barcelonas 18-19 (17)\"><\/a><a class=\"penci-gallery-ite item-gallery-justified\" href=\"https:\/\/www.hariduskeskus.ee\/rahvusvaheline\/wp-content\/uploads\/2020\/10\/Kulli-ja-Kaie-Barcelonas-18-19-1.png\" data-rel=\"penci-gallery-image-content\" ><img decoding=\"async\" src=\"https:\/\/www.hariduskeskus.ee\/rahvusvaheline\/wp-content\/uploads\/2020\/10\/Kulli-ja-Kaie-Barcelonas-18-19-1.png\" alt=\"\" title=\"K\u00fclli ja Kaie Barcelonas 18-19 (1)\"><\/a><a class=\"penci-gallery-ite item-gallery-justified\" href=\"https:\/\/www.hariduskeskus.ee\/rahvusvaheline\/wp-content\/uploads\/2020\/10\/Kulli-ja-Kaie-Barcelonas-18-19-28.jpg\" data-rel=\"penci-gallery-image-content\" ><img decoding=\"async\" src=\"https:\/\/www.hariduskeskus.ee\/rahvusvaheline\/wp-content\/uploads\/2020\/10\/Kulli-ja-Kaie-Barcelonas-18-19-28-585x329.jpg\" alt=\"\" title=\"K\u00fclli ja Kaie Barcelonas 18-19 (28)\"><\/a><a class=\"penci-gallery-ite item-gallery-justified\" href=\"https:\/\/www.hariduskeskus.ee\/rahvusvaheline\/wp-content\/uploads\/2020\/10\/Kulli-ja-Kaie-Barcelonas-18-19-33.jpg\" data-rel=\"penci-gallery-image-content\" ><img decoding=\"async\" src=\"https:\/\/www.hariduskeskus.ee\/rahvusvaheline\/wp-content\/uploads\/2020\/10\/Kulli-ja-Kaie-Barcelonas-18-19-33-585x329.jpg\" alt=\"\" title=\"K\u00fclli ja Kaie Barcelonas 18-19 (33)\"><\/a><a class=\"penci-gallery-ite item-gallery-justified\" href=\"https:\/\/www.hariduskeskus.ee\/rahvusvaheline\/wp-content\/uploads\/2020\/10\/Kulli-ja-Kaie-Barcelonas-18-19-32.jpg\" data-rel=\"penci-gallery-image-content\" ><img decoding=\"async\" src=\"https:\/\/www.hariduskeskus.ee\/rahvusvaheline\/wp-content\/uploads\/2020\/10\/Kulli-ja-Kaie-Barcelonas-18-19-32.jpg\" alt=\"\" title=\"K\u00fclli ja Kaie Barcelonas 18-19 (32)\"><\/a><a class=\"penci-gallery-ite item-gallery-justified\" href=\"https:\/\/www.hariduskeskus.ee\/rahvusvaheline\/wp-content\/uploads\/2020\/10\/Kulli-ja-Kaie-Barcelonas-18-19-31.jpg\" data-rel=\"penci-gallery-image-content\" ><img decoding=\"async\" src=\"https:\/\/www.hariduskeskus.ee\/rahvusvaheline\/wp-content\/uploads\/2020\/10\/Kulli-ja-Kaie-Barcelonas-18-19-31-585x329.jpg\" alt=\"\" title=\"K\u00fclli ja Kaie Barcelonas 18-19 (31)\"><\/a><a class=\"penci-gallery-ite item-gallery-justified\" href=\"https:\/\/www.hariduskeskus.ee\/rahvusvaheline\/wp-content\/uploads\/2020\/10\/Kulli-ja-Kaie-Barcelonas-18-19-30.jpg\" data-rel=\"penci-gallery-image-content\" ><img decoding=\"async\" src=\"https:\/\/www.hariduskeskus.ee\/rahvusvaheline\/wp-content\/uploads\/2020\/10\/Kulli-ja-Kaie-Barcelonas-18-19-30-585x329.jpg\" alt=\"\" title=\"K\u00fclli ja Kaie Barcelonas 18-19 (30)\"><\/a><a class=\"penci-gallery-ite item-gallery-justified\" href=\"https:\/\/www.hariduskeskus.ee\/rahvusvaheline\/wp-content\/uploads\/2020\/10\/Kulli-ja-Kaie-Barcelonas-18-19-29.jpg\" data-rel=\"penci-gallery-image-content\" ><img decoding=\"async\" src=\"https:\/\/www.hariduskeskus.ee\/rahvusvaheline\/wp-content\/uploads\/2020\/10\/Kulli-ja-Kaie-Barcelonas-18-19-29-585x329.jpg\" alt=\"\" title=\"K\u00fclli ja Kaie Barcelonas 18-19 (29)\"><\/a><a class=\"penci-gallery-ite item-gallery-justified\" href=\"https:\/\/www.hariduskeskus.ee\/rahvusvaheline\/wp-content\/uploads\/2020\/10\/Kulli-ja-Kaie-Barcelonas-18-19-35.jpg\" data-rel=\"penci-gallery-image-content\" ><img decoding=\"async\" src=\"https:\/\/www.hariduskeskus.ee\/rahvusvaheline\/wp-content\/uploads\/2020\/10\/Kulli-ja-Kaie-Barcelonas-18-19-35-585x329.jpg\" alt=\"\" title=\"K\u00fclli ja Kaie Barcelonas 18-19 (35)\"><\/a><a class=\"penci-gallery-ite item-gallery-justified\" href=\"https:\/\/www.hariduskeskus.ee\/rahvusvaheline\/wp-content\/uploads\/2020\/10\/Kulli-ja-Kaie-Barcelonas-18-19-27.jpg\" data-rel=\"penci-gallery-image-content\" ><img decoding=\"async\" src=\"https:\/\/www.hariduskeskus.ee\/rahvusvaheline\/wp-content\/uploads\/2020\/10\/Kulli-ja-Kaie-Barcelonas-18-19-27-585x330.jpg\" alt=\"\" title=\"K\u00fclli ja Kaie Barcelonas 18-19 (27)\"><\/a><a class=\"penci-gallery-ite item-gallery-justified\" href=\"https:\/\/www.hariduskeskus.ee\/rahvusvaheline\/wp-content\/uploads\/2020\/10\/Kulli-ja-Kaie-Barcelonas-18-19-1.jpg\" data-rel=\"penci-gallery-image-content\" ><img decoding=\"async\" src=\"https:\/\/www.hariduskeskus.ee\/rahvusvaheline\/wp-content\/uploads\/2020\/10\/Kulli-ja-Kaie-Barcelonas-18-19-1-585x329.jpg\" alt=\"\" title=\"K\u00fclli ja Kaie Barcelonas 18-19 (1)\"><\/a><a class=\"penci-gallery-ite item-gallery-justified\" href=\"https:\/\/www.hariduskeskus.ee\/rahvusvaheline\/wp-content\/uploads\/2020\/10\/Kulli-ja-Kaie-Barcelonas-18-19-26.jpg\" data-rel=\"penci-gallery-image-content\" ><img decoding=\"async\" src=\"https:\/\/www.hariduskeskus.ee\/rahvusvaheline\/wp-content\/uploads\/2020\/10\/Kulli-ja-Kaie-Barcelonas-18-19-26-585x329.jpg\" alt=\"\" title=\"K\u00fclli ja Kaie Barcelonas 18-19 (26)\"><\/a><a class=\"penci-gallery-ite item-gallery-justified\" href=\"https:\/\/www.hariduskeskus.ee\/rahvusvaheline\/wp-content\/uploads\/2020\/10\/Kulli-ja-Kaie-Barcelonas-18-19-36.jpg\" data-rel=\"penci-gallery-image-content\" ><img decoding=\"async\" src=\"https:\/\/www.hariduskeskus.ee\/rahvusvaheline\/wp-content\/uploads\/2020\/10\/Kulli-ja-Kaie-Barcelonas-18-19-36-585x329.jpg\" alt=\"\" title=\"K\u00fclli ja Kaie Barcelonas 18-19 (36)\"><\/a><a class=\"penci-gallery-ite item-gallery-justified\" href=\"https:\/\/www.hariduskeskus.ee\/rahvusvaheline\/wp-content\/uploads\/2020\/10\/Kulli-ja-Kaie-Barcelonas-18-19-25.jpg\" data-rel=\"penci-gallery-image-content\" ><img decoding=\"async\" src=\"https:\/\/www.hariduskeskus.ee\/rahvusvaheline\/wp-content\/uploads\/2020\/10\/Kulli-ja-Kaie-Barcelonas-18-19-25-585x329.jpg\" alt=\"\" title=\"K\u00fclli ja Kaie Barcelonas 18-19 (25)\"><\/a><a class=\"penci-gallery-ite item-gallery-justified\" href=\"https:\/\/www.hariduskeskus.ee\/rahvusvaheline\/wp-content\/uploads\/2020\/10\/Kulli-ja-Kaie-Barcelonas-18-19-24.jpg\" data-rel=\"penci-gallery-image-content\" ><img decoding=\"async\" src=\"https:\/\/www.hariduskeskus.ee\/rahvusvaheline\/wp-content\/uploads\/2020\/10\/Kulli-ja-Kaie-Barcelonas-18-19-24-585x329.jpg\" alt=\"\" title=\"K\u00fclli ja Kaie Barcelonas 18-19 (24)\"><\/a><a class=\"penci-gallery-ite item-gallery-justified\" href=\"https:\/\/www.hariduskeskus.ee\/rahvusvaheline\/wp-content\/uploads\/2020\/10\/Kulli-ja-Kaie-Barcelonas-18-19-23.jpg\" data-rel=\"penci-gallery-image-content\" ><img decoding=\"async\" src=\"https:\/\/www.hariduskeskus.ee\/rahvusvaheline\/wp-content\/uploads\/2020\/10\/Kulli-ja-Kaie-Barcelonas-18-19-23-585x329.jpg\" alt=\"\" title=\"K\u00fclli ja Kaie Barcelonas 18-19 (23)\"><\/a><a class=\"penci-gallery-ite item-gallery-justified\" href=\"https:\/\/www.hariduskeskus.ee\/rahvusvaheline\/wp-content\/uploads\/2020\/10\/Kulli-ja-Kaie-Barcelonas-18-19-21.jpg\" data-rel=\"penci-gallery-image-content\" ><img decoding=\"async\" src=\"https:\/\/www.hariduskeskus.ee\/rahvusvaheline\/wp-content\/uploads\/2020\/10\/Kulli-ja-Kaie-Barcelonas-18-19-21-585x329.jpg\" alt=\"\" title=\"K\u00fclli ja Kaie Barcelonas 18-19 (21)\"><\/a><a class=\"penci-gallery-ite item-gallery-justified\" href=\"https:\/\/www.hariduskeskus.ee\/rahvusvaheline\/wp-content\/uploads\/2020\/10\/Kulli-ja-Kaie-Barcelonas-18-19-20.jpg\" data-rel=\"penci-gallery-image-content\" ><img decoding=\"async\" src=\"https:\/\/www.hariduskeskus.ee\/rahvusvaheline\/wp-content\/uploads\/2020\/10\/Kulli-ja-Kaie-Barcelonas-18-19-20-585x329.jpg\" alt=\"\" title=\"K\u00fclli ja Kaie Barcelonas 18-19 (20)\"><\/a><a class=\"penci-gallery-ite item-gallery-justified\" href=\"https:\/\/www.hariduskeskus.ee\/rahvusvaheline\/wp-content\/uploads\/2020\/10\/Kulli-ja-Kaie-Barcelonas-18-19-19.jpg\" data-rel=\"penci-gallery-image-content\" ><img decoding=\"async\" src=\"https:\/\/www.hariduskeskus.ee\/rahvusvaheline\/wp-content\/uploads\/2020\/10\/Kulli-ja-Kaie-Barcelonas-18-19-19-585x329.jpg\" alt=\"\" title=\"K\u00fclli ja Kaie Barcelonas 18-19 (19)\"><\/a><a class=\"penci-gallery-ite item-gallery-justified\" href=\"https:\/\/www.hariduskeskus.ee\/rahvusvaheline\/wp-content\/uploads\/2020\/10\/Kulli-ja-Kaie-Barcelonas-18-19-18.jpg\" data-rel=\"penci-gallery-image-content\" ><img decoding=\"async\" src=\"https:\/\/www.hariduskeskus.ee\/rahvusvaheline\/wp-content\/uploads\/2020\/10\/Kulli-ja-Kaie-Barcelonas-18-19-18-585x329.jpg\" alt=\"\" title=\"K\u00fclli ja Kaie Barcelonas 18-19 (18)\"><\/a><a class=\"penci-gallery-ite item-gallery-justified\" href=\"https:\/\/www.hariduskeskus.ee\/rahvusvaheline\/wp-content\/uploads\/2020\/10\/Kulli-ja-Kaie-Barcelonas-18-19-22.jpg\" data-rel=\"penci-gallery-image-content\" ><img decoding=\"async\" src=\"https:\/\/www.hariduskeskus.ee\/rahvusvaheline\/wp-content\/uploads\/2020\/10\/Kulli-ja-Kaie-Barcelonas-18-19-22-585x329.jpg\" alt=\"\" title=\"K\u00fclli ja Kaie Barcelonas 18-19 (22)\"><\/a><\/div>\t\t<\/div>\n\t\t\t\t\t\t<\/div>\n\t\t\t\t<\/div>\n\t\t\t\t\t<\/div>\n\t\t<\/div>\n\t\t\t\t\t<\/div>\n\t\t<\/section>\n\t\t\t\t<\/div>\n\t\t","protected":false},"excerpt":{"rendered":"<p>P\u00e4rnumaa KHK teenindus\u00f5ppeosakonna kutse\u00f5petajad K\u00fclli \u0160orin ja Kaie P\u00e4rn osalesid Erasmus+ programmiga \u00f5pir\u00e4ndes 5.-11.mai 2019. R\u00e4nde sihtkohaks oli Barcelona, Hispaania.&hellip;<\/p>\n","protected":false},"author":4,"featured_media":4209,"comment_status":"closed","ping_status":"open","sticky":false,"template":"","format":"standard","meta":{"_lmt_disableupdate":"","_lmt_disable":"","footnotes":""},"categories":[64,4],"tags":[],"class_list":["post-4179","post","type-post","status-publish","format-standard","has-post-thumbnail","hentry","category-2018-2019oa","category-tootajate-opiranne"],"_links":{"self":[{"href":"https:\/\/www.hariduskeskus.ee\/rahvusvaheline\/wp-json\/wp\/v2\/posts\/4179","targetHints":{"allow":["GET"]}}],"collection":[{"href":"https:\/\/www.hariduskeskus.ee\/rahvusvaheline\/wp-json\/wp\/v2\/posts"}],"about":[{"href":"https:\/\/www.hariduskeskus.ee\/rahvusvaheline\/wp-json\/wp\/v2\/types\/post"}],"author":[{"embeddable":true,"href":"https:\/\/www.hariduskeskus.ee\/rahvusvaheline\/wp-json\/wp\/v2\/users\/4"}],"replies":[{"embeddable":true,"href":"https:\/\/www.hariduskeskus.ee\/rahvusvaheline\/wp-json\/wp\/v2\/comments?post=4179"}],"version-history":[{"count":4,"href":"https:\/\/www.hariduskeskus.ee\/rahvusvaheline\/wp-json\/wp\/v2\/posts\/4179\/revisions"}],"predecessor-version":[{"id":4221,"href":"https:\/\/www.hariduskeskus.ee\/rahvusvaheline\/wp-json\/wp\/v2\/posts\/4179\/revisions\/4221"}],"wp:featuredmedia":[{"embeddable":true,"href":"https:\/\/www.hariduskeskus.ee\/rahvusvaheline\/wp-json\/wp\/v2\/media\/4209"}],"wp:attachment":[{"href":"https:\/\/www.hariduskeskus.ee\/rahvusvaheline\/wp-json\/wp\/v2\/media?parent=4179"}],"wp:term":[{"taxonomy":"category","embeddable":true,"href":"https:\/\/www.hariduskeskus.ee\/rahvusvaheline\/wp-json\/wp\/v2\/categories?post=4179"},{"taxonomy":"post_tag","embeddable":true,"href":"https:\/\/www.hariduskeskus.ee\/rahvusvaheline\/wp-json\/wp\/v2\/tags?post=4179"}],"curies":[{"name":"wp","href":"https:\/\/api.w.org\/{rel}","templated":true}]}}