{"id":4156,"date":"2020-10-23T14:41:07","date_gmt":"2020-10-23T14:41:07","guid":{"rendered":"https:\/\/www.hariduskeskus.ee\/international\/?p=4156"},"modified":"2020-10-23T14:58:48","modified_gmt":"2020-10-23T14:58:48","slug":"tootajad-opirandamas-maltal","status":"publish","type":"post","link":"https:\/\/www.hariduskeskus.ee\/rahvusvaheline\/tootajad-opirandamas-maltal\/","title":{"rendered":"T\u00f6\u00f6tajad \u00f5pir\u00e4ndamas Maltal"},"content":{"rendered":"\t\t<div data-elementor-type=\"wp-post\" data-elementor-id=\"4156\" class=\"elementor elementor-4156\">\n\t\t\t\t\t\t<section class=\"penci-section penci-disSticky penci-structure-10 elementor-section elementor-top-section elementor-element elementor-element-9307e59 elementor-section-boxed elementor-section-height-default elementor-section-height-default\" data-id=\"9307e59\" data-element_type=\"section\" data-e-type=\"section\">\n\t\t\t\t\t\t<div class=\"elementor-container elementor-column-gap-default\">\n\t\t\t\t\t<div class=\"penci-ercol-100 penci-ercol-order-1 penci-sticky-ct    elementor-column elementor-col-100 elementor-top-column elementor-element elementor-element-33a21c6\" data-id=\"33a21c6\" data-element_type=\"column\" data-e-type=\"column\">\n\t\t\t<div class=\"elementor-widget-wrap elementor-element-populated\">\n\t\t\t\t\t\t<div class=\"elementor-element elementor-element-748e29a elementor-widget elementor-widget-text-editor\" data-id=\"748e29a\" data-element_type=\"widget\" data-e-type=\"widget\" data-widget_type=\"text-editor.default\">\n\t\t\t\t<div class=\"elementor-widget-container\">\n\t\t\t\t\t\t\t\t\t<p>11-18.11.2018. aastal viibisid P\u00e4rnumaa Kutsehariduskeskuse teenindus\u00f5ppeosakonna juhataja aset\u00e4itja <strong>Helen Maripuu<\/strong> ning \u00f5ppe- ja karj\u00e4\u00e4rin\u00f5ustaja <strong>Kersti Karu<\/strong> \u00f5pir\u00e4ndes Erasmus+ \u201eMobility Makes Us Professionals VI\u201c projekti raames Maltal. Selle kohta, kuidas \u00f5pir\u00e4nne m\u00f6\u00f6dus ja mida uut nad teada said, on sul v\u00f5imalik lugeda allpool olevast kokkuv\u00f5ttest!<br \/>Koos P\u00e4rnumaa Kutsehariduskeskuse t\u00f6\u00f6tajatega saabusid Maltale ka neli P\u00e4rnumaa Kutsehariduskeskuse \u00f5pilast. M\u00fc\u00fcja-klienditeenindaja 3. kursuse (M-16) \u00f5pilased Sirli Mode ja Triinu Rikker sooritavad ajavahemikus 11.11-12.12.2018 v\u00e4lispraktikat Bortex Fine Tailoring poodides. Juuksuri eriala 2. kursuse (J-17) \u00f5pilased sooritavad v\u00e4lispraktika ajavahemikus 11.11-01.12.2018. \u00d5pilane Geit Potisepp sooritab oma v\u00e4lispraktika Pierre Camille juuksurisalongis ja Jaanika Viirmaa Priv\u00e9 juuksurisalongis.<br \/>Maltal v\u00f5ttis P\u00e4rnumaa Kutsehariduskeskuse t\u00f6\u00f6tajad ja \u00f5pilased vastu organisatsioon Zeal Limited, kes pakub praktikantidele ja kooli t\u00f6\u00f6tajatele v\u00f5imalust arendada oma oskusi ja teadmisi, tehes praktikat v\u00f5i l\u00e4bides t\u00f6\u00f6varjutamise perioodi erinevates ettev\u00f5tetes ja koolides. Clive Cordina Zeal Limited\u00b4st andis meile \u00fclevaate, kuidas nad valivad praktikantidele praktikakohti, pidades silmas p\u00f5him\u00f5tet, et \u00fcle kahe praktikandi samast riigist ja samast koolist \u00fchte ettev\u00f5ttesse ei m\u00e4\u00e4rata. See annab v\u00f5imaluse \u00f5pilastel v\u00e4lispraktikast v\u00f5imalikult palju \u00f5ppida ja kogeda. R\u00f5\u00f5mu tekitas Zeal Limited t\u00f5demus, et Eesti praktikandid on \u00fched parimad, sest nad on motiveeritud, \u00f5pihimulised, heade teadmiste ning oskustega.<br \/>\u00d5pir\u00e4ndes olles k\u00fclastasime Malta Tehnoloogia-, teadus- ja kunstikolledzit (MCAST), mis on tegutsenud juba 20 aastat. Koolis \u00f5pib 12000 \u00f5pilast, kellest \u00fcle poole \u00f5pivad t\u00e4iskohaga tasuta \u00f5ppes ja saavad stipendiumi, \u00fclej\u00e4\u00e4nud osalevad t\u00e4iend\u00f5ppes ja maksavad \u00f5pingute eest ise. <br \/><a href=\"https:\/\/www.mcast.edu.mt\/\">MCAST<\/a>\u00a0 on kolled\u017ei t\u00fc\u00fcpi \u00f5ppeasutus, kuhu on koondatud peaaegu kogu Malta kutse\u00f5pe, seega oli v\u00e4ga huvitav tutvuda nii suure kutsekooliga ning \u00f5ppida nende kogemustest. MCAST pakub haridust EQF tasemetel 1.-3. (\u00fcldhariduse programmid ja erinevate \u00f5piteede programmid); 4. (tehnikakolled\u017ei erialad); 5.-7. (\u00fclikooli erialad).<br \/>Lisaks \u00f5petatavatele erialadele tutvusime ka karj\u00e4\u00e4rin\u00f5ustajate ning \u00f5pilaste tugis\u00fcsteemi korraldusega &#8211; erialade reklaamimine keskkoolides, \u00f5pilaste toetamine \u00f5ppet\u00f6\u00f6s edasi j\u00f5udmiseks. <br \/>\u00d5pilaste toetamiseks on MCASTis t\u00f6\u00f6l \u00f5pilaste tugiteenuste administraator, kes aitab selgitada v\u00e4lja \u00f5pilase mured ja individuaalse n\u00f5ustamise vajadus. Lisaks pakub MCAST ka grupitegevusi, mille eesm\u00e4rgiks on see, et vastastikuse kogemuste vahetamisega on v\u00f5imalik tegeleda emotsionaalsete muredega, t\u00f6\u00f6tada meeskonnana ning \u00f5ppida \u00fcksteist aitama. <br \/>MCASTil on ka oma \u00f5ppe- ja tugi\u00fcksus, mis teeb tihedat koost\u00f6\u00f6d k\u00f5ikide MCASTi instituutidega, et tagada \u00f5pilastele vajalik akadeemiline toetus, omandamaks p\u00f5hilised akadeemilised oskused (malta ja inglise keel ning matemaatika) ning muutuda seel\u00e4bi iseseisvateks \u00f5ppijateks. P\u00f5hiliselt pakutakse \u00f5piabi 1. ja 2. taseme \u00f5pilastele, kus neile valmistatakse ette kindel programm individuaalselt v\u00f5i v\u00e4ikeses grupis.<br \/>Selle programmi raames on neil v\u00f5imalus lisaks kutseharidusega tutvumisele omandada ka vajalikud IT oskused ning \u00f5ppida isiklikku ja sotsiaalset vastutust. Lisaks pakutakse tuge ka k\u00f5rgematel tasemetel \u00f5ppijatele, kes v\u00f5ivad abi vajada. T\u00e4helepanuv\u00e4\u00e4rne on ka see, et koolis tegutseb lastehoid, kuhu saavad oma lapsed lisaks \u00f5pilastele tuua ka kooli t\u00f6\u00f6tajad. Selle eesm\u00e4rk on julgustada ja anda v\u00f5imalus ka v\u00e4ikeste laste vanematel t\u00f6\u00f6tada ja \u00f5ppida.<br \/>MCASTi oodatakse \u00f5pilasi ka mujalt riikidest, seep\u00e4rast teevad nad oma erialadele reklaami ka v\u00e4lismaal (Indias, Vietnamis jne). See on v\u00f5imalik t\u00e4nu sellele, et \u00f5ppet\u00f6\u00f6 toimub valdavalt inglise keeles (isegi, kui alguses toimub \u00f5pe malta keeles, siis \u00f5petajad l\u00fclituvad inglise keele peale \u00fcle, kui klassis on kasv\u00f5i 1 inimene, kes ei oska malta keelt). <br \/>Silma j\u00e4i MCASTi \u201c\u00d5pilaste k\u00e4siraamat\u201d, mis on peaaegu 60 lehek\u00fclge pikk ning h\u00f5lmab endast v\u00e4ga p\u00f5hjalikku informatsiooni &#8211; teenused \u00f5pilastele, koolisisene suhtlus, kooli regulatsioonid, toetused \u00f5pilastele, plagiaat, \u00fclevaade igast institutsioonist, akadeemiline kalender, tugiteenuste ja administratiivt\u00f6\u00f6tajate kontaktid jms. Samuti oli neil koostatud \u201cErialade bro\u0161\u00fc\u00fcr\u201d, mis on peaaegu 250 lehek\u00fclge pikk. Selles antakse p\u00f5hjalik \u00fclevaade igast erialast ja nad uuendavad seda igal aastal. Samuti on neil kasutusel \u201eErialade kaart\u201c, mis on suur ring erialadest, kuhu on lisatud ka edasi\u00f5ppimise v\u00f5imalused MCASTis. Sellised materjalid on heaks t\u00f6\u00f6riistaks karj\u00e4\u00e4rin\u00f5ustajale, kes peab n\u00f5ustama tulevasi \u00f5pilaskandidaate, sest aitavad \u00f5ppuritel visuaalselt n\u00e4ha, millised v\u00f5ivad nende v\u00f5imalikud \u00f5piteed MCASTis olla. Lisaks on MCASTi karj\u00e4\u00e4rin\u00f5ustajad valmis vastu v\u00f5tma ka inimesi, kes ei \u00f5pi hetkel nende koolis, aga kes soovivad n\u00f5u, millised on nende v\u00f5imalikud \u00f5piteed MCASTis. Muljet avaldas ka kooli tihe koost\u00f6\u00f6 ettev\u00f5tetega ning erialade ja koolituste pakkumine l\u00e4htuvalt ettev\u00f5tete (ka v\u00e4lismaisete ettev\u00f5tete) vajadustest. <br \/>Lisaks kutsekoolile \u00f5nnestus k\u00fclastada ka Malta v\u00e4rbamisagentuuri CEEK (Recruitment &amp; Training Agency), mille eesm\u00e4rk on leida ettev\u00f5tetele sobivad t\u00f6\u00f6tajad. Kuna Maltal on suur t\u00f6\u00f6j\u00f5u puudus, on t\u00f6\u00f6turul t\u00f6\u00f6otsija jaoks palju valikut. Kui aga juhtub, et inimesel ei ole t\u00f6\u00f6ks vajalikke oskusi, siis on v\u00f5imalus osaleda erinevates treeningprogrammides, mis aitavad t\u00f5sta tema konkurentsiv\u00f5imet t\u00f6\u00f6turul. Et teenus oleks t\u00f6\u00f6otsijale v\u00f5imalikult mugav ja k\u00e4ttesaadav, on t\u00f6\u00f6otsijal v\u00f5imalus kodulehe kaudu avaldus t\u00e4ita, lisaks sellele toimuvad ka n\u00f5ustamised l\u00e4bi Skype, telefoni v\u00f5i m\u00f5ne muu sotsiaalmeedia vahendi abiga. Huvitav oli see, et nad hoiavad t\u00f6\u00f6otsija ja ettev\u00f5ttega kontakti ka p\u00e4rast t\u00f6\u00f6suhte loomist, et toetada selle toimimist m\u00f5lema osapoole jaoks.<br \/>Peale selle oli v\u00f5imalus tutvuda ka erinevate praktikat pakkuvate ettev\u00f5tetega. See andis hea \u00fclevaate hetkeseisust ja v\u00f5imalustest Malta t\u00f6\u00f6turul. Majutusasutustest k\u00fclastasime 4- ja 5-t\u00e4rni hotelle (Xara Palace Hotel, Solana Hotel, Labranda Rivera Resort &amp; Spa jne), mis on enamasti k\u00f5ik aastaringselt turiste t\u00e4is ning sellest l\u00e4htuvalt on praktikandid v\u00e4ga oodatud. Hotellides on v\u00f5imalik pakkuda praktikakohti v\u00e4ga erinevatele erialadele. Pierre Camille juuksurisalongi on \u00fcks Malta vanimaid ja kuulsamaid ilusalonge ning nad on peaaegu 40 aastat tegutsenud muutumatul kujul. Selle salongi juuksurid k\u00e4ivad ka televisioonis ja klientide kodudes soenguid tegemas. Huvitavana tundus nende t\u00f6\u00f6jaotus, et juukseid l\u00f5ikab ainult salongi omanik ning teised v\u00e4rvivad, pesevad ja f\u00f6\u00f6nitavad juukseid. Bortex Fine Tailoring ettev\u00f5tte teeb kuulsatele br\u00e4ndidele riideid (Gant, La Coste jne), kuid neil on ka esinduspoed, kus nad oma tooteid m\u00fc\u00fcvad ja praktikantidel on v\u00f5imalik nendes poodides oma praktikat sooritada. <br \/>Kuna Malta on tuntud oma k\u00fclalislahkuse poolest, on neile oluline k\u00f5rge teeninduskvaliteet. Seega panustavad nad oma praktikantidesse l\u00e4bi koolituste palju, mist\u00f5ttu on eriti oodatud praktikandid, kelle praktikaperiood kestab v\u00e4hemalt 3 kuud, kuid ollakse valmis v\u00f5tma praktikante ka l\u00fchemaks perioodiks. Peamine, mis ettev\u00f5tete k\u00fclastusest k\u00f5lama j\u00e4i oli see, et kui \u00f5pilased on piisavalt \u00f5pihimulised, t\u00f6\u00f6kad, hea inglise keele oskusega ja motiveeritud, siis on neil v\u00e4ga h\u00f5lpsasti v\u00f5imalik leida praktikakoht Maltal ning tublimatele neist pakutakse ka praktikaperioodi j\u00e4rgselt t\u00f6\u00f6kohta.<\/p><blockquote><p>N\u00e4dalases \u00f5pir\u00e4ndes saadud kogemused olid v\u00e4ga silmaringi avardavad. Saime uusi kogemusi ja ideid, mida oma t\u00f6\u00f6s rakendada. Samuti saime t\u00e4iendada oma inglise keele oskust ning kogusime mitmeid uusi kontakte ettev\u00f5tetega, kes on valmis P\u00e4rnumaa Kutsehariduskeskuse \u00f5pilasi praktikale v\u00f5tma.<\/p><\/blockquote><p>Kokkuv\u00f5tte koostasid:<br \/>Kersti Karu, \u00f5ppe- ja karj\u00e4\u00e4rin\u00f5ustaja<br \/>Helen Maripuu, teenindus\u00f5ppeosakonna juhataja aset\u00e4itja<\/p>\t\t\t\t\t\t\t\t<\/div>\n\t\t\t\t<\/div>\n\t\t\t\t\t<\/div>\n\t\t<\/div>\n\t\t\t\t\t<\/div>\n\t\t<\/section>\n\t\t\t\t<section class=\"penci-section penci-disSticky penci-structure-10 elementor-section elementor-top-section elementor-element elementor-element-182b922 elementor-section-boxed elementor-section-height-default elementor-section-height-default\" data-id=\"182b922\" data-element_type=\"section\" data-e-type=\"section\">\n\t\t\t\t\t\t<div class=\"elementor-container elementor-column-gap-default\">\n\t\t\t\t\t<div class=\"penci-ercol-100 penci-ercol-order-1 penci-sticky-ct    elementor-column elementor-col-100 elementor-top-column elementor-element elementor-element-fa89998\" data-id=\"fa89998\" data-element_type=\"column\" data-e-type=\"column\">\n\t\t\t<div class=\"elementor-widget-wrap elementor-element-populated\">\n\t\t\t\t\t\t<div class=\"elementor-element elementor-element-c5798a4 elementor-widget elementor-widget-image-gallery\" data-id=\"c5798a4\" data-element_type=\"widget\" data-e-type=\"widget\" data-widget_type=\"image-gallery.default\">\n\t\t\t\t<div class=\"elementor-widget-container\">\n\t\t\t\t\t\t\t<div class=\"elementor-image-gallery\">\n\t\t\t<div data-sliderid=\"87039\" id=\"penci-post-gallery__87039\" class=\"penci-post-gallery-container justified column-4\" data-height=\"150\" data-margin=\"3\"><a class=\"penci-gallery-ite item-gallery-justified\" href=\"https:\/\/www.hariduskeskus.ee\/rahvusvaheline\/wp-content\/uploads\/2020\/10\/Helen-ja-Kersti-Maltal-18-19-12-scaled.jpg\" data-rel=\"penci-gallery-image-content\"  data-cap=\"Helen-ja-Kersti-Maltal-18-19\"><img decoding=\"async\" src=\"https:\/\/www.hariduskeskus.ee\/rahvusvaheline\/wp-content\/uploads\/2020\/10\/Helen-ja-Kersti-Maltal-18-19-12-585x780.jpg\" alt=\"\" title=\"Helen-ja-Kersti-Maltal-18-19\"><div class=\"caption\">Helen-ja-Kersti-Maltal-18-19<\/div><\/a><a class=\"penci-gallery-ite item-gallery-justified\" href=\"https:\/\/www.hariduskeskus.ee\/rahvusvaheline\/wp-content\/uploads\/2020\/10\/Helen-ja-Kersti-Maltal-18-19-9-scaled.jpg\" data-rel=\"penci-gallery-image-content\"  data-cap=\"Helen-ja-Kersti-Maltal-18-19\"><img decoding=\"async\" src=\"https:\/\/www.hariduskeskus.ee\/rahvusvaheline\/wp-content\/uploads\/2020\/10\/Helen-ja-Kersti-Maltal-18-19-9-585x439.jpg\" alt=\"\" title=\"Helen-ja-Kersti-Maltal-18-19\"><div class=\"caption\">Helen-ja-Kersti-Maltal-18-19<\/div><\/a><a class=\"penci-gallery-ite item-gallery-justified\" href=\"https:\/\/www.hariduskeskus.ee\/rahvusvaheline\/wp-content\/uploads\/2020\/10\/Helen-ja-Kersti-Maltal-18-19-11-scaled.jpg\" data-rel=\"penci-gallery-image-content\"  data-cap=\"Helen-ja-Kersti-Maltal-18-19\"><img decoding=\"async\" src=\"https:\/\/www.hariduskeskus.ee\/rahvusvaheline\/wp-content\/uploads\/2020\/10\/Helen-ja-Kersti-Maltal-18-19-11-585x780.jpg\" alt=\"\" title=\"Helen-ja-Kersti-Maltal-18-19\"><div class=\"caption\">Helen-ja-Kersti-Maltal-18-19<\/div><\/a><a class=\"penci-gallery-ite item-gallery-justified\" href=\"https:\/\/www.hariduskeskus.ee\/rahvusvaheline\/wp-content\/uploads\/2020\/10\/Helen-ja-Kersti-Maltal-18-19-10-scaled.jpg\" data-rel=\"penci-gallery-image-content\"  data-cap=\"Helen-ja-Kersti-Maltal-18-19\"><img decoding=\"async\" src=\"https:\/\/www.hariduskeskus.ee\/rahvusvaheline\/wp-content\/uploads\/2020\/10\/Helen-ja-Kersti-Maltal-18-19-10-585x439.jpg\" alt=\"\" title=\"Helen-ja-Kersti-Maltal-18-19\"><div class=\"caption\">Helen-ja-Kersti-Maltal-18-19<\/div><\/a><a class=\"penci-gallery-ite item-gallery-justified\" href=\"https:\/\/www.hariduskeskus.ee\/rahvusvaheline\/wp-content\/uploads\/2020\/10\/Helen-ja-Kersti-Maltal-18-19-3-scaled.jpg\" data-rel=\"penci-gallery-image-content\"  data-cap=\"Helen-ja-Kersti-Maltal-18-19\"><img decoding=\"async\" src=\"https:\/\/www.hariduskeskus.ee\/rahvusvaheline\/wp-content\/uploads\/2020\/10\/Helen-ja-Kersti-Maltal-18-19-3-585x439.jpg\" alt=\"\" title=\"Helen-ja-Kersti-Maltal-18-19\"><div class=\"caption\">Helen-ja-Kersti-Maltal-18-19<\/div><\/a><a class=\"penci-gallery-ite item-gallery-justified\" href=\"https:\/\/www.hariduskeskus.ee\/rahvusvaheline\/wp-content\/uploads\/2020\/10\/Helen-ja-Kersti-Maltal-18-19-8-scaled.jpg\" data-rel=\"penci-gallery-image-content\"  data-cap=\"Helen-ja-Kersti-Maltal-18-19\"><img decoding=\"async\" src=\"https:\/\/www.hariduskeskus.ee\/rahvusvaheline\/wp-content\/uploads\/2020\/10\/Helen-ja-Kersti-Maltal-18-19-8-585x780.jpg\" alt=\"\" title=\"Helen-ja-Kersti-Maltal-18-19\"><div class=\"caption\">Helen-ja-Kersti-Maltal-18-19<\/div><\/a><a class=\"penci-gallery-ite item-gallery-justified\" href=\"https:\/\/www.hariduskeskus.ee\/rahvusvaheline\/wp-content\/uploads\/2020\/10\/Helen-ja-Kersti-Maltal-18-19-7-scaled.jpg\" data-rel=\"penci-gallery-image-content\"  data-cap=\"Helen-ja-Kersti-Maltal-18-19\"><img decoding=\"async\" src=\"https:\/\/www.hariduskeskus.ee\/rahvusvaheline\/wp-content\/uploads\/2020\/10\/Helen-ja-Kersti-Maltal-18-19-7-585x780.jpg\" alt=\"\" title=\"Helen-ja-Kersti-Maltal-18-19\"><div class=\"caption\">Helen-ja-Kersti-Maltal-18-19<\/div><\/a><a class=\"penci-gallery-ite item-gallery-justified\" href=\"https:\/\/www.hariduskeskus.ee\/rahvusvaheline\/wp-content\/uploads\/2020\/10\/Helen-ja-Kersti-Maltal-18-19-6-scaled.jpg\" data-rel=\"penci-gallery-image-content\"  data-cap=\"Helen-ja-Kersti-Maltal-18-19\"><img decoding=\"async\" src=\"https:\/\/www.hariduskeskus.ee\/rahvusvaheline\/wp-content\/uploads\/2020\/10\/Helen-ja-Kersti-Maltal-18-19-6-585x439.jpg\" alt=\"\" title=\"Helen-ja-Kersti-Maltal-18-19\"><div class=\"caption\">Helen-ja-Kersti-Maltal-18-19<\/div><\/a><a class=\"penci-gallery-ite item-gallery-justified\" href=\"https:\/\/www.hariduskeskus.ee\/rahvusvaheline\/wp-content\/uploads\/2020\/10\/Helen-ja-Kersti-Maltal-18-19-13-scaled.jpg\" data-rel=\"penci-gallery-image-content\"  data-cap=\"Helen-ja-Kersti-Maltal-18-19\"><img decoding=\"async\" src=\"https:\/\/www.hariduskeskus.ee\/rahvusvaheline\/wp-content\/uploads\/2020\/10\/Helen-ja-Kersti-Maltal-18-19-13-585x780.jpg\" alt=\"\" title=\"Helen-ja-Kersti-Maltal-18-19\"><div class=\"caption\">Helen-ja-Kersti-Maltal-18-19<\/div><\/a><a class=\"penci-gallery-ite item-gallery-justified\" href=\"https:\/\/www.hariduskeskus.ee\/rahvusvaheline\/wp-content\/uploads\/2020\/10\/Helen-ja-Kersti-Maltal-18-19-4-scaled.jpg\" data-rel=\"penci-gallery-image-content\"  data-cap=\"Helen-ja-Kersti-Maltal-18-19\"><img decoding=\"async\" src=\"https:\/\/www.hariduskeskus.ee\/rahvusvaheline\/wp-content\/uploads\/2020\/10\/Helen-ja-Kersti-Maltal-18-19-4-585x780.jpg\" alt=\"\" title=\"Helen-ja-Kersti-Maltal-18-19\"><div class=\"caption\">Helen-ja-Kersti-Maltal-18-19<\/div><\/a><a class=\"penci-gallery-ite item-gallery-justified\" href=\"https:\/\/www.hariduskeskus.ee\/rahvusvaheline\/wp-content\/uploads\/2020\/10\/Helen-ja-Kersti-Maltal-18-19-5-scaled.jpg\" data-rel=\"penci-gallery-image-content\"  data-cap=\"Helen-ja-Kersti-Maltal-18-19\"><img decoding=\"async\" src=\"https:\/\/www.hariduskeskus.ee\/rahvusvaheline\/wp-content\/uploads\/2020\/10\/Helen-ja-Kersti-Maltal-18-19-5-585x439.jpg\" alt=\"\" title=\"Helen-ja-Kersti-Maltal-18-19\"><div class=\"caption\">Helen-ja-Kersti-Maltal-18-19<\/div><\/a><a class=\"penci-gallery-ite item-gallery-justified\" href=\"https:\/\/www.hariduskeskus.ee\/rahvusvaheline\/wp-content\/uploads\/2020\/10\/Helen-ja-Kersti-Maltal-18-19-2-scaled.jpg\" data-rel=\"penci-gallery-image-content\"  data-cap=\"Helen-ja-Kersti-Maltal-18-19\"><img decoding=\"async\" src=\"https:\/\/www.hariduskeskus.ee\/rahvusvaheline\/wp-content\/uploads\/2020\/10\/Helen-ja-Kersti-Maltal-18-19-2-585x780.jpg\" alt=\"\" title=\"Helen-ja-Kersti-Maltal-18-19\"><div class=\"caption\">Helen-ja-Kersti-Maltal-18-19<\/div><\/a><a class=\"penci-gallery-ite item-gallery-justified\" href=\"https:\/\/www.hariduskeskus.ee\/rahvusvaheline\/wp-content\/uploads\/2020\/10\/Helen-ja-Kersti-Maltal-18-19-1-scaled.jpg\" data-rel=\"penci-gallery-image-content\"  data-cap=\"Helen-ja-Kersti-Maltal-18-19\"><img decoding=\"async\" src=\"https:\/\/www.hariduskeskus.ee\/rahvusvaheline\/wp-content\/uploads\/2020\/10\/Helen-ja-Kersti-Maltal-18-19-1-585x780.jpg\" alt=\"\" title=\"Helen-ja-Kersti-Maltal-18-19\"><div class=\"caption\">Helen-ja-Kersti-Maltal-18-19<\/div><\/a><\/div>\t\t<\/div>\n\t\t\t\t\t\t<\/div>\n\t\t\t\t<\/div>\n\t\t\t\t\t<\/div>\n\t\t<\/div>\n\t\t\t\t\t<\/div>\n\t\t<\/section>\n\t\t\t\t<\/div>\n\t\t","protected":false},"excerpt":{"rendered":"<p>11-18.11.2018. aastal viibisid P\u00e4rnumaa Kutsehariduskeskuse teenindus\u00f5ppeosakonna juhataja aset\u00e4itja Helen Maripuu ning \u00f5ppe- ja karj\u00e4\u00e4rin\u00f5ustaja Kersti Karu \u00f5pir\u00e4ndes Erasmus+ \u201eMobility Makes&hellip;<\/p>\n","protected":false},"author":4,"featured_media":4168,"comment_status":"closed","ping_status":"open","sticky":false,"template":"","format":"standard","meta":{"_lmt_disableupdate":"","_lmt_disable":"","footnotes":""},"categories":[64,4],"tags":[],"class_list":["post-4156","post","type-post","status-publish","format-standard","has-post-thumbnail","hentry","category-2018-2019oa","category-tootajate-opiranne"],"_links":{"self":[{"href":"https:\/\/www.hariduskeskus.ee\/rahvusvaheline\/wp-json\/wp\/v2\/posts\/4156","targetHints":{"allow":["GET"]}}],"collection":[{"href":"https:\/\/www.hariduskeskus.ee\/rahvusvaheline\/wp-json\/wp\/v2\/posts"}],"about":[{"href":"https:\/\/www.hariduskeskus.ee\/rahvusvaheline\/wp-json\/wp\/v2\/types\/post"}],"author":[{"embeddable":true,"href":"https:\/\/www.hariduskeskus.ee\/rahvusvaheline\/wp-json\/wp\/v2\/users\/4"}],"replies":[{"embeddable":true,"href":"https:\/\/www.hariduskeskus.ee\/rahvusvaheline\/wp-json\/wp\/v2\/comments?post=4156"}],"version-history":[{"count":4,"href":"https:\/\/www.hariduskeskus.ee\/rahvusvaheline\/wp-json\/wp\/v2\/posts\/4156\/revisions"}],"predecessor-version":[{"id":4174,"href":"https:\/\/www.hariduskeskus.ee\/rahvusvaheline\/wp-json\/wp\/v2\/posts\/4156\/revisions\/4174"}],"wp:featuredmedia":[{"embeddable":true,"href":"https:\/\/www.hariduskeskus.ee\/rahvusvaheline\/wp-json\/wp\/v2\/media\/4168"}],"wp:attachment":[{"href":"https:\/\/www.hariduskeskus.ee\/rahvusvaheline\/wp-json\/wp\/v2\/media?parent=4156"}],"wp:term":[{"taxonomy":"category","embeddable":true,"href":"https:\/\/www.hariduskeskus.ee\/rahvusvaheline\/wp-json\/wp\/v2\/categories?post=4156"},{"taxonomy":"post_tag","embeddable":true,"href":"https:\/\/www.hariduskeskus.ee\/rahvusvaheline\/wp-json\/wp\/v2\/tags?post=4156"}],"curies":[{"name":"wp","href":"https:\/\/api.w.org\/{rel}","templated":true}]}}