{"id":3838,"date":"2020-10-14T09:59:32","date_gmt":"2020-10-14T09:59:32","guid":{"rendered":"https:\/\/www.hariduskeskus.ee\/international\/?p=3838"},"modified":"2020-10-14T11:33:03","modified_gmt":"2020-10-14T11:33:03","slug":"arborist-diana-praktiseerimas-iirimaal","status":"publish","type":"post","link":"https:\/\/www.hariduskeskus.ee\/rahvusvaheline\/arborist-diana-praktiseerimas-iirimaal\/","title":{"rendered":"Arborist Diana praktiseerimas Iirimaal"},"content":{"rendered":"\t\t<div data-elementor-type=\"wp-post\" data-elementor-id=\"3838\" class=\"elementor elementor-3838\">\n\t\t\t\t\t\t<section class=\"penci-section penci-disSticky penci-structure-10 elementor-section elementor-top-section elementor-element elementor-element-260322a elementor-section-boxed elementor-section-height-default elementor-section-height-default\" data-id=\"260322a\" data-element_type=\"section\" data-e-type=\"section\">\n\t\t\t\t\t\t<div class=\"elementor-container elementor-column-gap-default\">\n\t\t\t\t\t<div class=\"penci-ercol-100 penci-ercol-order-1 penci-sticky-ct    elementor-column elementor-col-100 elementor-top-column elementor-element elementor-element-d4f6852\" data-id=\"d4f6852\" data-element_type=\"column\" data-e-type=\"column\">\n\t\t\t<div class=\"elementor-widget-wrap elementor-element-populated\">\n\t\t\t\t\t\t<div class=\"elementor-element elementor-element-985564d elementor-widget elementor-widget-text-editor\" data-id=\"985564d\" data-element_type=\"widget\" data-e-type=\"widget\" data-widget_type=\"text-editor.default\">\n\t\t\t\t<div class=\"elementor-widget-container\">\n\t\t\t\t\t\t\t\t\t<p>Arboristi \u00f5pilane <strong>Diana \u00d5isnurm<\/strong> k\u00e4is \u00f5ppepraktikat tegemas Iirimaal 22.10-11.11.2018. Loe <strong>Diana<\/strong> tegusa \u00f5ppepraktika aja kohta allpool olevast kokkuv\u00f5ttest.<\/p><p>Esimene p\u00e4ev kulus reisile, algusega Saaremaalt ja vahepeatusega London Stanstedi lennujaamas. J\u00f5udes Iirimaale, ootas mind takso lennujaamas. Esimesel \u00f5htul tegi majutuse perenaine kiire s\u00f5idu l\u00e4bi linna, et hommikul leiaksin koolimaja \u00fcles. Linn on v\u00e4ike &#8211;\u00a0 armas, kuid v\u00e4ga m\u00e4gine. Imetlesin liiklejaid nii ratastel, kui ka autoga, eriti aga vanemaid lastega nii vankris, kui s\u00fcles m\u00e4est \u00fcles ronimas. Kiiret tempot saab hoida vaid allam\u00e4ge.<br \/>Esimene praktikap\u00e4ev m\u00f6\u00f6dus kooli kasvuhoones ja teooriatundides. Sain osa nende poolt pakutavast aedniku \u00f5ppest.<br \/>\u00dclej\u00e4\u00e4nud n\u00e4dala sain osaleda kooli poolt korraldatud v\u00e4ljas\u00f5itudel. K\u00e4isime Wendy aias, kus kasvatati taimi neile v\u00e4ga loodusl\u00e4hedases keskkonnas. Liigirohkuse ja aia erikujundusega lummati seal linnarahvast ja on v\u00e4ga hea praktika koht \u00f5pilastele. T\u00f6\u00f6d saime teha Dr. Dierdre Cosgrave aias. Ka see aed osaleb avatud aedade p\u00e4eval ja kogu tulu annetatakse erinevatesse fondidesse. Siin pererahvas avastab igal aastal endale uusi taimi ja arendab oma kaunist aeda, et k\u00fclastajaid pahviks l\u00fc\u00fca. Veel \u00f5nnestus sel n\u00e4dalal kohata v\u00e4ga maheda m\u00f5tlemise ja elulaadiga prantslast Alexit, kes t\u00f6\u00f6tab aednikuna uhkes kohas nimega Mount Falcon Estate. Siin veetsime mitmed tunnid ja saime kuulata nende t\u00f6\u00f6dest ja tegemistest.<br \/>Sel samal n\u00e4dalal oli ka Westpordi linnas suur \u00fcritus nimega Kunsti ja muusika festival. Mina osalesin kahel kontserdil- Matt Molloy ja Gilbert O\u2019 Sullivani kontserditel, mis toimusid kaunis<br \/>kirikus Holi Triniti Church. Toimusid ka mitmed t\u00f6\u00f6toad, osalesin ukulele ja maalimise t\u00f6\u00f6tubades. Veel oli v\u00f5imalus k\u00fclastada kunstigaleriid, mis oli v\u00e4ga huvitav. Sel moel m\u00f6\u00f6duski esimene n\u00e4dal.<br \/>Teine praktika n\u00e4dal oli rahulikum, kuna koolides oli vaheaeg. Minule anti v\u00f5imalus iseseisvalt korrastada kooli kasvuhoonet &#8211; mida ma ka tegin koos aia koristusega. K\u00fclastasin sel n\u00e4dalal ka Dublinis linnarahva lemmik paika Phoenix Parki.<br \/>Kolmas n\u00e4dal oli aga hoopis omalaadne, sain teha praktikat linna s\u00fcdames &#8211; kuulsas Westport Houses. Siin \u00f5ppisin \u00e4ra, kuidas savimullas kelluga rohida! Sain ettevalmistusi teha talveks, istutada taimi \u00fcmber nii peenardesse kui ka pottidesse.<br \/>Kuulasin kohalikku muusikat pubides ja k\u00e4isin \u00e4ra ka teatris, kus kohalik trupp m\u00e4ngis v\u00e4ga humoorika lavastuse kohalikust elust &#8211; olust.<\/p><blockquote><p>Aeg m\u00f6\u00f6dus kiirelt ja tegusalt. \u00c4\u00e4retult meeldiv oli viibida maal, kus tunned end v\u00e4ga teretulnud ja inimestega lausa hingesugulust. Kindlasti k\u00fclastan Westporti veel, kuna lummavasse m\u00e4etippu nimega Croagh Patrick ma sel korral ei riskinud \u00fcksinda minna ja j\u00e4i ju veel mitmeid kauneid kohti avastamata.<\/p><\/blockquote>\t\t\t\t\t\t\t\t<\/div>\n\t\t\t\t<\/div>\n\t\t\t\t\t<\/div>\n\t\t<\/div>\n\t\t\t\t\t<\/div>\n\t\t<\/section>\n\t\t\t\t<section class=\"penci-section penci-disSticky penci-structure-10 elementor-section elementor-top-section elementor-element elementor-element-e8f1f28 elementor-section-boxed elementor-section-height-default elementor-section-height-default\" data-id=\"e8f1f28\" data-element_type=\"section\" data-e-type=\"section\">\n\t\t\t\t\t\t<div class=\"elementor-container elementor-column-gap-default\">\n\t\t\t\t\t<div class=\"penci-ercol-100 penci-ercol-order-1 penci-sticky-ct    elementor-column elementor-col-100 elementor-top-column elementor-element elementor-element-dc96194\" data-id=\"dc96194\" data-element_type=\"column\" data-e-type=\"column\">\n\t\t\t<div class=\"elementor-widget-wrap elementor-element-populated\">\n\t\t\t\t\t\t<div class=\"elementor-element elementor-element-5413e2c elementor-widget elementor-widget-image-gallery\" data-id=\"5413e2c\" data-element_type=\"widget\" data-e-type=\"widget\" data-widget_type=\"image-gallery.default\">\n\t\t\t\t<div class=\"elementor-widget-container\">\n\t\t\t\t\t\t\t<div class=\"elementor-image-gallery\">\n\t\t\t<div data-sliderid=\"45314\" id=\"penci-post-gallery__45314\" class=\"penci-post-gallery-container justified column-4\" data-height=\"150\" data-margin=\"3\"><a class=\"penci-gallery-ite item-gallery-justified\" href=\"https:\/\/www.hariduskeskus.ee\/rahvusvaheline\/wp-content\/uploads\/2020\/10\/Diana-arborist-Iirimaal-18-19-2-scaled.jpg\" data-rel=\"penci-gallery-image-content\" ><img decoding=\"async\" src=\"https:\/\/www.hariduskeskus.ee\/rahvusvaheline\/wp-content\/uploads\/2020\/10\/Diana-arborist-Iirimaal-18-19-2-585x329.jpg\" alt=\"\" title=\"Diana arborist Iirimaal 18-19 (2)\"><\/a><a class=\"penci-gallery-ite item-gallery-justified\" href=\"https:\/\/www.hariduskeskus.ee\/rahvusvaheline\/wp-content\/uploads\/2020\/10\/Diana-arborist-Iirimaal-18-19-3-scaled.jpg\" data-rel=\"penci-gallery-image-content\" ><img decoding=\"async\" src=\"https:\/\/www.hariduskeskus.ee\/rahvusvaheline\/wp-content\/uploads\/2020\/10\/Diana-arborist-Iirimaal-18-19-3-585x329.jpg\" alt=\"\" title=\"Diana arborist Iirimaal 18-19 (3)\"><\/a><a class=\"penci-gallery-ite item-gallery-justified\" href=\"https:\/\/www.hariduskeskus.ee\/rahvusvaheline\/wp-content\/uploads\/2020\/10\/Diana-arborist-Iirimaal-18-19-4-scaled.jpg\" data-rel=\"penci-gallery-image-content\" ><img decoding=\"async\" src=\"https:\/\/www.hariduskeskus.ee\/rahvusvaheline\/wp-content\/uploads\/2020\/10\/Diana-arborist-Iirimaal-18-19-4-585x329.jpg\" alt=\"\" title=\"Diana arborist Iirimaal 18-19 (4)\"><\/a><a class=\"penci-gallery-ite item-gallery-justified\" href=\"https:\/\/www.hariduskeskus.ee\/rahvusvaheline\/wp-content\/uploads\/2020\/10\/Diana-arborist-Iirimaal-18-19-5-scaled.jpg\" data-rel=\"penci-gallery-image-content\" ><img decoding=\"async\" src=\"https:\/\/www.hariduskeskus.ee\/rahvusvaheline\/wp-content\/uploads\/2020\/10\/Diana-arborist-Iirimaal-18-19-5-585x329.jpg\" alt=\"\" title=\"Diana arborist Iirimaal 18-19 (5)\"><\/a><a class=\"penci-gallery-ite item-gallery-justified\" href=\"https:\/\/www.hariduskeskus.ee\/rahvusvaheline\/wp-content\/uploads\/2020\/10\/Diana-arborist-Iirimaal-18-19-6-scaled.jpg\" data-rel=\"penci-gallery-image-content\" ><img decoding=\"async\" src=\"https:\/\/www.hariduskeskus.ee\/rahvusvaheline\/wp-content\/uploads\/2020\/10\/Diana-arborist-Iirimaal-18-19-6-585x329.jpg\" alt=\"\" title=\"Diana arborist Iirimaal 18-19 (6)\"><\/a><a class=\"penci-gallery-ite item-gallery-justified\" href=\"https:\/\/www.hariduskeskus.ee\/rahvusvaheline\/wp-content\/uploads\/2020\/10\/Diana-arborist-Iirimaal-18-19-7-scaled.jpg\" data-rel=\"penci-gallery-image-content\" ><img decoding=\"async\" src=\"https:\/\/www.hariduskeskus.ee\/rahvusvaheline\/wp-content\/uploads\/2020\/10\/Diana-arborist-Iirimaal-18-19-7-585x329.jpg\" alt=\"\" title=\"Diana arborist Iirimaal 18-19 (7)\"><\/a><a class=\"penci-gallery-ite item-gallery-justified\" href=\"https:\/\/www.hariduskeskus.ee\/rahvusvaheline\/wp-content\/uploads\/2020\/10\/Diana-arborist-Iirimaal-18-19-8-scaled.jpg\" data-rel=\"penci-gallery-image-content\" ><img decoding=\"async\" src=\"https:\/\/www.hariduskeskus.ee\/rahvusvaheline\/wp-content\/uploads\/2020\/10\/Diana-arborist-Iirimaal-18-19-8-585x329.jpg\" alt=\"\" title=\"Diana arborist Iirimaal 18-19 (8)\"><\/a><a class=\"penci-gallery-ite item-gallery-justified\" href=\"https:\/\/www.hariduskeskus.ee\/rahvusvaheline\/wp-content\/uploads\/2020\/10\/Diana-arborist-Iirimaal-18-19-9-scaled.jpg\" data-rel=\"penci-gallery-image-content\" ><img decoding=\"async\" src=\"https:\/\/www.hariduskeskus.ee\/rahvusvaheline\/wp-content\/uploads\/2020\/10\/Diana-arborist-Iirimaal-18-19-9-585x329.jpg\" alt=\"\" title=\"Diana arborist Iirimaal 18-19 (9)\"><\/a><a class=\"penci-gallery-ite item-gallery-justified\" href=\"https:\/\/www.hariduskeskus.ee\/rahvusvaheline\/wp-content\/uploads\/2020\/10\/Diana-arborist-Iirimaal-18-19-10-scaled.jpg\" data-rel=\"penci-gallery-image-content\" ><img decoding=\"async\" src=\"https:\/\/www.hariduskeskus.ee\/rahvusvaheline\/wp-content\/uploads\/2020\/10\/Diana-arborist-Iirimaal-18-19-10-585x329.jpg\" alt=\"\" title=\"Diana arborist Iirimaal 18-19 (10)\"><\/a><a class=\"penci-gallery-ite item-gallery-justified\" href=\"https:\/\/www.hariduskeskus.ee\/rahvusvaheline\/wp-content\/uploads\/2020\/10\/Diana-arborist-Iirimaal-18-19-11-scaled.jpg\" data-rel=\"penci-gallery-image-content\" ><img decoding=\"async\" src=\"https:\/\/www.hariduskeskus.ee\/rahvusvaheline\/wp-content\/uploads\/2020\/10\/Diana-arborist-Iirimaal-18-19-11-585x329.jpg\" alt=\"\" title=\"Diana arborist Iirimaal 18-19 (11)\"><\/a><a class=\"penci-gallery-ite item-gallery-justified\" href=\"https:\/\/www.hariduskeskus.ee\/rahvusvaheline\/wp-content\/uploads\/2020\/10\/Diana-arborist-Iirimaal-18-19-12-scaled.jpg\" data-rel=\"penci-gallery-image-content\" ><img decoding=\"async\" src=\"https:\/\/www.hariduskeskus.ee\/rahvusvaheline\/wp-content\/uploads\/2020\/10\/Diana-arborist-Iirimaal-18-19-12-585x329.jpg\" alt=\"\" title=\"Diana arborist Iirimaal 18-19 (12)\"><\/a><a class=\"penci-gallery-ite item-gallery-justified\" href=\"https:\/\/www.hariduskeskus.ee\/rahvusvaheline\/wp-content\/uploads\/2020\/10\/Diana-arborist-Iirimaal-18-19-13-scaled.jpg\" data-rel=\"penci-gallery-image-content\" ><img decoding=\"async\" src=\"https:\/\/www.hariduskeskus.ee\/rahvusvaheline\/wp-content\/uploads\/2020\/10\/Diana-arborist-Iirimaal-18-19-13-585x329.jpg\" alt=\"\" title=\"Diana arborist Iirimaal 18-19 (13)\"><\/a><a class=\"penci-gallery-ite item-gallery-justified\" href=\"https:\/\/www.hariduskeskus.ee\/rahvusvaheline\/wp-content\/uploads\/2020\/10\/Diana-arborist-Iirimaal-18-19-14-scaled.jpg\" data-rel=\"penci-gallery-image-content\" ><img decoding=\"async\" src=\"https:\/\/www.hariduskeskus.ee\/rahvusvaheline\/wp-content\/uploads\/2020\/10\/Diana-arborist-Iirimaal-18-19-14-585x329.jpg\" alt=\"\" title=\"Diana arborist Iirimaal 18-19 (14)\"><\/a><a class=\"penci-gallery-ite item-gallery-justified\" href=\"https:\/\/www.hariduskeskus.ee\/rahvusvaheline\/wp-content\/uploads\/2020\/10\/Diana-arborist-Iirimaal-18-19-15-scaled.jpg\" data-rel=\"penci-gallery-image-content\" ><img decoding=\"async\" src=\"https:\/\/www.hariduskeskus.ee\/rahvusvaheline\/wp-content\/uploads\/2020\/10\/Diana-arborist-Iirimaal-18-19-15-585x329.jpg\" alt=\"\" title=\"Diana arborist Iirimaal 18-19 (15)\"><\/a><a class=\"penci-gallery-ite item-gallery-justified\" href=\"https:\/\/www.hariduskeskus.ee\/rahvusvaheline\/wp-content\/uploads\/2020\/10\/Diana-arborist-Iirimaal-18-19-16-scaled.jpg\" data-rel=\"penci-gallery-image-content\" ><img decoding=\"async\" src=\"https:\/\/www.hariduskeskus.ee\/rahvusvaheline\/wp-content\/uploads\/2020\/10\/Diana-arborist-Iirimaal-18-19-16-585x329.jpg\" alt=\"\" title=\"Diana arborist Iirimaal 18-19 (16)\"><\/a><a class=\"penci-gallery-ite item-gallery-justified\" href=\"https:\/\/www.hariduskeskus.ee\/rahvusvaheline\/wp-content\/uploads\/2020\/10\/Diana-arborist-Iirimaal-18-19-17-scaled.jpg\" data-rel=\"penci-gallery-image-content\" ><img decoding=\"async\" src=\"https:\/\/www.hariduskeskus.ee\/rahvusvaheline\/wp-content\/uploads\/2020\/10\/Diana-arborist-Iirimaal-18-19-17-585x329.jpg\" alt=\"\" title=\"Diana arborist Iirimaal 18-19 (17)\"><\/a><a class=\"penci-gallery-ite item-gallery-justified\" href=\"https:\/\/www.hariduskeskus.ee\/rahvusvaheline\/wp-content\/uploads\/2020\/10\/Diana-arborist-Iirimaal-18-19-18-scaled.jpg\" data-rel=\"penci-gallery-image-content\" ><img decoding=\"async\" src=\"https:\/\/www.hariduskeskus.ee\/rahvusvaheline\/wp-content\/uploads\/2020\/10\/Diana-arborist-Iirimaal-18-19-18-585x329.jpg\" alt=\"\" title=\"Diana arborist Iirimaal 18-19 (18)\"><\/a><a class=\"penci-gallery-ite item-gallery-justified\" href=\"https:\/\/www.hariduskeskus.ee\/rahvusvaheline\/wp-content\/uploads\/2020\/10\/Diana-arborist-Iirimaal-18-19-19-scaled.jpg\" data-rel=\"penci-gallery-image-content\" ><img decoding=\"async\" src=\"https:\/\/www.hariduskeskus.ee\/rahvusvaheline\/wp-content\/uploads\/2020\/10\/Diana-arborist-Iirimaal-18-19-19-585x329.jpg\" alt=\"\" title=\"Diana arborist Iirimaal 18-19 (19)\"><\/a><a class=\"penci-gallery-ite item-gallery-justified\" href=\"https:\/\/www.hariduskeskus.ee\/rahvusvaheline\/wp-content\/uploads\/2020\/10\/Diana-arborist-Iirimaal-18-19-20-scaled.jpg\" data-rel=\"penci-gallery-image-content\" ><img decoding=\"async\" src=\"https:\/\/www.hariduskeskus.ee\/rahvusvaheline\/wp-content\/uploads\/2020\/10\/Diana-arborist-Iirimaal-18-19-20-585x329.jpg\" alt=\"\" title=\"Diana arborist Iirimaal 18-19 (20)\"><\/a><a class=\"penci-gallery-ite item-gallery-justified\" href=\"https:\/\/www.hariduskeskus.ee\/rahvusvaheline\/wp-content\/uploads\/2020\/10\/Diana-arborist-Iirimaal-18-19-21-scaled.jpg\" data-rel=\"penci-gallery-image-content\" ><img decoding=\"async\" src=\"https:\/\/www.hariduskeskus.ee\/rahvusvaheline\/wp-content\/uploads\/2020\/10\/Diana-arborist-Iirimaal-18-19-21-585x329.jpg\" alt=\"\" title=\"Diana arborist Iirimaal 18-19 (21)\"><\/a><a class=\"penci-gallery-ite item-gallery-justified\" href=\"https:\/\/www.hariduskeskus.ee\/rahvusvaheline\/wp-content\/uploads\/2020\/10\/Diana-arborist-Iirimaal-18-19-22-scaled.jpg\" data-rel=\"penci-gallery-image-content\" ><img decoding=\"async\" src=\"https:\/\/www.hariduskeskus.ee\/rahvusvaheline\/wp-content\/uploads\/2020\/10\/Diana-arborist-Iirimaal-18-19-22-585x329.jpg\" alt=\"\" title=\"Diana arborist Iirimaal 18-19 (22)\"><\/a><a class=\"penci-gallery-ite item-gallery-justified\" href=\"https:\/\/www.hariduskeskus.ee\/rahvusvaheline\/wp-content\/uploads\/2020\/10\/Diana-arborist-Iirimaal-18-19-23-scaled.jpg\" data-rel=\"penci-gallery-image-content\" ><img decoding=\"async\" src=\"https:\/\/www.hariduskeskus.ee\/rahvusvaheline\/wp-content\/uploads\/2020\/10\/Diana-arborist-Iirimaal-18-19-23-585x329.jpg\" alt=\"\" title=\"Diana arborist Iirimaal 18-19 (23)\"><\/a><a class=\"penci-gallery-ite item-gallery-justified\" href=\"https:\/\/www.hariduskeskus.ee\/rahvusvaheline\/wp-content\/uploads\/2020\/10\/Diana-arborist-Iirimaal-18-19-24-scaled.jpg\" data-rel=\"penci-gallery-image-content\" ><img decoding=\"async\" src=\"https:\/\/www.hariduskeskus.ee\/rahvusvaheline\/wp-content\/uploads\/2020\/10\/Diana-arborist-Iirimaal-18-19-24-585x329.jpg\" alt=\"\" title=\"Diana arborist Iirimaal 18-19 (24)\"><\/a><a class=\"penci-gallery-ite item-gallery-justified\" href=\"https:\/\/www.hariduskeskus.ee\/rahvusvaheline\/wp-content\/uploads\/2020\/10\/Diana-arborist-Iirimaal-18-19-25-scaled.jpg\" data-rel=\"penci-gallery-image-content\" ><img decoding=\"async\" src=\"https:\/\/www.hariduskeskus.ee\/rahvusvaheline\/wp-content\/uploads\/2020\/10\/Diana-arborist-Iirimaal-18-19-25-585x329.jpg\" alt=\"\" title=\"Diana arborist Iirimaal 18-19 (25)\"><\/a><a class=\"penci-gallery-ite item-gallery-justified\" href=\"https:\/\/www.hariduskeskus.ee\/rahvusvaheline\/wp-content\/uploads\/2020\/10\/Diana-arborist-Iirimaal-18-19-1-scaled.jpg\" data-rel=\"penci-gallery-image-content\" ><img decoding=\"async\" src=\"https:\/\/www.hariduskeskus.ee\/rahvusvaheline\/wp-content\/uploads\/2020\/10\/Diana-arborist-Iirimaal-18-19-1-585x329.jpg\" alt=\"\" title=\"Diana arborist Iirimaal 18-19 (1)\"><\/a><\/div>\t\t<\/div>\n\t\t\t\t\t\t<\/div>\n\t\t\t\t<\/div>\n\t\t\t\t\t<\/div>\n\t\t<\/div>\n\t\t\t\t\t<\/div>\n\t\t<\/section>\n\t\t\t\t<\/div>\n\t\t","protected":false},"excerpt":{"rendered":"<p>Arboristi \u00f5pilane Diana \u00d5isnurm k\u00e4is \u00f5ppepraktikat tegemas Iirimaal 22.10-11.11.2018. Loe Diana tegusa \u00f5ppepraktika aja kohta allpool olevast kokkuv\u00f5ttest. Esimene p\u00e4ev&hellip;<\/p>\n","protected":false},"author":4,"featured_media":3859,"comment_status":"closed","ping_status":"open","sticky":false,"template":"","format":"standard","meta":{"_lmt_disableupdate":"","_lmt_disable":"","footnotes":""},"categories":[8,39,6],"tags":[],"class_list":["post-3838","post","type-post","status-publish","format-standard","has-post-thumbnail","hentry","category-2018-2019","category-aiandus-ja-metsandus","category-opilaste-valispraktika"],"_links":{"self":[{"href":"https:\/\/www.hariduskeskus.ee\/rahvusvaheline\/wp-json\/wp\/v2\/posts\/3838","targetHints":{"allow":["GET"]}}],"collection":[{"href":"https:\/\/www.hariduskeskus.ee\/rahvusvaheline\/wp-json\/wp\/v2\/posts"}],"about":[{"href":"https:\/\/www.hariduskeskus.ee\/rahvusvaheline\/wp-json\/wp\/v2\/types\/post"}],"author":[{"embeddable":true,"href":"https:\/\/www.hariduskeskus.ee\/rahvusvaheline\/wp-json\/wp\/v2\/users\/4"}],"replies":[{"embeddable":true,"href":"https:\/\/www.hariduskeskus.ee\/rahvusvaheline\/wp-json\/wp\/v2\/comments?post=3838"}],"version-history":[{"count":5,"href":"https:\/\/www.hariduskeskus.ee\/rahvusvaheline\/wp-json\/wp\/v2\/posts\/3838\/revisions"}],"predecessor-version":[{"id":3900,"href":"https:\/\/www.hariduskeskus.ee\/rahvusvaheline\/wp-json\/wp\/v2\/posts\/3838\/revisions\/3900"}],"wp:featuredmedia":[{"embeddable":true,"href":"https:\/\/www.hariduskeskus.ee\/rahvusvaheline\/wp-json\/wp\/v2\/media\/3859"}],"wp:attachment":[{"href":"https:\/\/www.hariduskeskus.ee\/rahvusvaheline\/wp-json\/wp\/v2\/media?parent=3838"}],"wp:term":[{"taxonomy":"category","embeddable":true,"href":"https:\/\/www.hariduskeskus.ee\/rahvusvaheline\/wp-json\/wp\/v2\/categories?post=3838"},{"taxonomy":"post_tag","embeddable":true,"href":"https:\/\/www.hariduskeskus.ee\/rahvusvaheline\/wp-json\/wp\/v2\/tags?post=3838"}],"curies":[{"name":"wp","href":"https:\/\/api.w.org\/{rel}","templated":true}]}}