{"id":3666,"date":"2020-10-12T09:22:54","date_gmt":"2020-10-12T09:22:54","guid":{"rendered":"https:\/\/www.hariduskeskus.ee\/international\/?p=3666"},"modified":"2020-10-12T09:35:12","modified_gmt":"2020-10-12T09:35:12","slug":"huvijuht-kai-toe-youth-in-action-koolitusel-itaalias-roomas","status":"publish","type":"post","link":"https:\/\/www.hariduskeskus.ee\/rahvusvaheline\/huvijuht-kai-toe-youth-in-action-koolitusel-itaalias-roomas\/","title":{"rendered":"Huvijuht Kai-T\u00f5e &#8220;Youth in action&#8221; koolitusel Itaalias, Roomas"},"content":{"rendered":"\t\t<div data-elementor-type=\"wp-post\" data-elementor-id=\"3666\" class=\"elementor elementor-3666\">\n\t\t\t\t\t\t<section class=\"penci-section penci-disSticky penci-structure-10 elementor-section elementor-top-section elementor-element elementor-element-5592400 elementor-section-boxed elementor-section-height-default elementor-section-height-default\" data-id=\"5592400\" data-element_type=\"section\" data-e-type=\"section\">\n\t\t\t\t\t\t<div class=\"elementor-container elementor-column-gap-default\">\n\t\t\t\t\t<div class=\"penci-ercol-100 penci-ercol-order-1 penci-sticky-ct    elementor-column elementor-col-100 elementor-top-column elementor-element elementor-element-6a2fb80\" data-id=\"6a2fb80\" data-element_type=\"column\" data-e-type=\"column\">\n\t\t\t<div class=\"elementor-widget-wrap elementor-element-populated\">\n\t\t\t\t\t\t<div class=\"elementor-element elementor-element-ad2fb72 elementor-widget elementor-widget-text-editor\" data-id=\"ad2fb72\" data-element_type=\"widget\" data-e-type=\"widget\" data-widget_type=\"text-editor.default\">\n\t\t\t\t<div class=\"elementor-widget-container\">\n\t\t\t\t\t\t\t\t\t<p>P\u00e4rnumaa Kutsehariduskeskuse huvijuht Kai-T\u00f5e Ellermaal oli v\u00f5imalik osaleda TIC-TAC koolitusel &#8220;Youth in Action&#8221; Itaalias, Roomas 17-23.02.2020. Kai-T\u00f5e toredast koolitusest on v\u00f5imalik pikemalt lugeda allpool olevast kokkuv\u00f5ttest.<br \/>Koolitajad Jo Claeys Portugal\/ Belgia ja Denis Morel Prantsusmaa &#8211; olid v\u00e4ga head! Koolitus oli h\u00e4sti \u00fcles ehitatud nii tervikuna kui iga p\u00e4eva osas eraldi. Meeldis ka see, et osalejaid ei pandud v\u00e4ga suurde stressi &#8211; koolituses kasutati palju m\u00e4ngulist elementi ja palju praktilist t\u00f6\u00f6d, rohkem kui olen varem kogenud. <br \/>Toredasti oli lahendatud internatsionaalne \u00f5htu &#8211; maagilise \u00f5htuna, kus k\u00f5ik osalejad kehastusid n\u00f5idadeks k.a koolitajad ise. See teema l\u00e4bis tervet p\u00e4eva, kulmineerudes \u00f5htul peoga. Koolituselt tooks v\u00e4lja vahvalt lahendatud organisatsioonide tutvustuse. K\u00f5ik tegid etteantud v\u00f5tmeandmete j\u00e4rgi oma organisatsiooni plakati. Seej\u00e4rel tutvuti nendega ja leiti nende p\u00f5hjal oma huvigrupi liikmed. Grupp koos, algas projekti koostamine, mis oligi koolituse peategevus ja \u00f5ppimise objekt!<br \/>Koolituse planeeringus oli h\u00e4sti paigutatud ka vaba p\u00e4rastl\u00f5una, t\u00e4pselt keskele. See oli Rooma kesklinna k\u00fclastus, milleks oli taibukalt tellitud ka transfeer linna. \u00dchistranspordiga sinna s\u00f5iduks oleks kulunud 1,5 h \u00fcks ots! See oli t\u00f5eline kultuurilise \u00f5ppimise koht &#8211; tutvuda Rooma, kui &#8220;eternal city&#8221; vaatamisv\u00e4\u00e4rsustega. \u00d5htu l\u00f5ppes restorani \u00fchisk\u00fclastusega Rooma kesklinnas.<br \/>Koolitusel osales 28 inimest erinevatest maadest, ka v\u00e4ljastpoolt Euroopa Liitu.<\/p><blockquote><p>J\u00e4in koolitusega v\u00e4ga rahule, sain sealt p\u00f5hjalikke teadmisi projekti loomise kohta ning koost\u00f6\u00f6partnereid edaspidiseks!<\/p><\/blockquote><p>Koha valik oli asi, mis ainukesena h\u00e4iris. Nii kaugel \u00e4\u00e4relinnas paiknemise kui hoone enda poolest. Majutusime \u00fcli\u00f5pilaslinnakus, kus pidevalt k\u00fclmetasime. Samas kui teine koolitusgrupp majutus rooma kesklinnas.<\/p><p>Kai-T\u00f5e Ellermaa<br \/>Huvijuht<\/p>\t\t\t\t\t\t\t\t<\/div>\n\t\t\t\t<\/div>\n\t\t\t\t\t<\/div>\n\t\t<\/div>\n\t\t\t\t\t<\/div>\n\t\t<\/section>\n\t\t\t\t<section class=\"penci-section penci-disSticky penci-structure-10 elementor-section elementor-top-section elementor-element elementor-element-b55bd8d elementor-section-boxed elementor-section-height-default elementor-section-height-default\" data-id=\"b55bd8d\" data-element_type=\"section\" data-e-type=\"section\">\n\t\t\t\t\t\t<div class=\"elementor-container elementor-column-gap-default\">\n\t\t\t\t\t<div class=\"penci-ercol-100 penci-ercol-order-1 penci-sticky-ct    elementor-column elementor-col-100 elementor-top-column elementor-element elementor-element-de3fa7c\" data-id=\"de3fa7c\" data-element_type=\"column\" data-e-type=\"column\">\n\t\t\t<div class=\"elementor-widget-wrap elementor-element-populated\">\n\t\t\t\t\t\t<div class=\"elementor-element elementor-element-9f32c1e elementor-widget elementor-widget-image-gallery\" data-id=\"9f32c1e\" data-element_type=\"widget\" data-e-type=\"widget\" data-widget_type=\"image-gallery.default\">\n\t\t\t\t<div class=\"elementor-widget-container\">\n\t\t\t\t\t\t\t<div class=\"elementor-image-gallery\">\n\t\t\t<div data-sliderid=\"40897\" id=\"penci-post-gallery__40897\" class=\"penci-post-gallery-container justified column-4\" data-height=\"150\" data-margin=\"3\"><a class=\"penci-gallery-ite item-gallery-justified\" href=\"https:\/\/www.hariduskeskus.ee\/rahvusvaheline\/wp-content\/uploads\/2020\/10\/1-ne-paev-enesetutvustused-Kai-Toe.jpg\" data-rel=\"penci-gallery-image-content\" ><img decoding=\"async\" src=\"https:\/\/www.hariduskeskus.ee\/rahvusvaheline\/wp-content\/uploads\/2020\/10\/1-ne-paev-enesetutvustused-Kai-Toe-585x780.jpg\" alt=\"\" title=\"1-ne p\u00e4ev, enesetutvustused Kai-T\u00f5e\"><\/a><a class=\"penci-gallery-ite item-gallery-justified\" href=\"https:\/\/www.hariduskeskus.ee\/rahvusvaheline\/wp-content\/uploads\/2020\/10\/Eestl.-oma-organis.-tutvust.-tegemas-Kai-Toe.jpg\" data-rel=\"penci-gallery-image-content\" ><img decoding=\"async\" src=\"https:\/\/www.hariduskeskus.ee\/rahvusvaheline\/wp-content\/uploads\/2020\/10\/Eestl.-oma-organis.-tutvust.-tegemas-Kai-Toe-585x328.jpg\" alt=\"\" title=\"Eestl. oma organis. tutvust. tegemas Kai-T\u00f5e\"><\/a><a class=\"penci-gallery-ite item-gallery-justified\" href=\"https:\/\/www.hariduskeskus.ee\/rahvusvaheline\/wp-content\/uploads\/2020\/10\/organistas.tuvustus-Kai-Toe-scaled.jpg\" data-rel=\"penci-gallery-image-content\" ><img decoding=\"async\" src=\"https:\/\/www.hariduskeskus.ee\/rahvusvaheline\/wp-content\/uploads\/2020\/10\/organistas.tuvustus-Kai-Toe-585x780.jpg\" alt=\"\" title=\"organistas.tuvustus Kai-T\u00f5e\"><\/a><a class=\"penci-gallery-ite item-gallery-justified\" href=\"https:\/\/www.hariduskeskus.ee\/rahvusvaheline\/wp-content\/uploads\/2020\/10\/koolitus1-Kai-Toe.jpg\" data-rel=\"penci-gallery-image-content\" ><img decoding=\"async\" src=\"https:\/\/www.hariduskeskus.ee\/rahvusvaheline\/wp-content\/uploads\/2020\/10\/koolitus1-Kai-Toe-585x329.jpg\" alt=\"\" title=\"koolitus1 Kai-T\u00f5e\"><\/a><a class=\"penci-gallery-ite item-gallery-justified\" href=\"https:\/\/www.hariduskeskus.ee\/rahvusvaheline\/wp-content\/uploads\/2020\/10\/koolitus-Kai-Toe.jpg\" data-rel=\"penci-gallery-image-content\" ><img decoding=\"async\" src=\"https:\/\/www.hariduskeskus.ee\/rahvusvaheline\/wp-content\/uploads\/2020\/10\/koolitus-Kai-Toe-585x329.jpg\" alt=\"\" title=\"koolitus Kai-T\u00f5e\"><\/a><a class=\"penci-gallery-ite item-gallery-justified\" href=\"https:\/\/www.hariduskeskus.ee\/rahvusvaheline\/wp-content\/uploads\/2020\/10\/koolitajad-Kai-Toe.jpg\" data-rel=\"penci-gallery-image-content\" ><img decoding=\"async\" src=\"https:\/\/www.hariduskeskus.ee\/rahvusvaheline\/wp-content\/uploads\/2020\/10\/koolitajad-Kai-Toe-585x328.jpg\" alt=\"\" title=\"koolitajad Kai-T\u00f5e\"><\/a><a class=\"penci-gallery-ite item-gallery-justified\" href=\"https:\/\/www.hariduskeskus.ee\/rahvusvaheline\/wp-content\/uploads\/2020\/10\/Loodusnoid-Kai-Toe.jpg\" data-rel=\"penci-gallery-image-content\" ><img decoding=\"async\" src=\"https:\/\/www.hariduskeskus.ee\/rahvusvaheline\/wp-content\/uploads\/2020\/10\/Loodusnoid-Kai-Toe.jpg\" alt=\"\" title=\"Loodusn\u00f5id Kai-T\u00f5e\"><\/a><a class=\"penci-gallery-ite item-gallery-justified\" href=\"https:\/\/www.hariduskeskus.ee\/rahvusvaheline\/wp-content\/uploads\/2020\/10\/Eesti-rahvuste-ohtu-laud-Kai-Toe-scaled.jpg\" data-rel=\"penci-gallery-image-content\" ><img decoding=\"async\" src=\"https:\/\/www.hariduskeskus.ee\/rahvusvaheline\/wp-content\/uploads\/2020\/10\/Eesti-rahvuste-ohtu-laud-Kai-Toe-585x439.jpg\" alt=\"\" title=\"Eesti rahvuste \u00f5htu laud Kai-T\u00f5e\"><\/a><a class=\"penci-gallery-ite item-gallery-justified\" href=\"https:\/\/www.hariduskeskus.ee\/rahvusvaheline\/wp-content\/uploads\/2020\/10\/Rahvuste-ohtul-uld-Kai-Toe.jpg\" data-rel=\"penci-gallery-image-content\" ><img decoding=\"async\" src=\"https:\/\/www.hariduskeskus.ee\/rahvusvaheline\/wp-content\/uploads\/2020\/10\/Rahvuste-ohtul-uld-Kai-Toe-585x439.jpg\" alt=\"\" title=\"Rahvuste \u00f5htul &#8211; \u00fcld Kai-T\u00f5e\"><\/a><\/div>\t\t<\/div>\n\t\t\t\t\t\t<\/div>\n\t\t\t\t<\/div>\n\t\t\t\t\t<\/div>\n\t\t<\/div>\n\t\t\t\t\t<\/div>\n\t\t<\/section>\n\t\t\t\t<\/div>\n\t\t","protected":false},"excerpt":{"rendered":"<p>P\u00e4rnumaa Kutsehariduskeskuse huvijuht Kai-T\u00f5e Ellermaal oli v\u00f5imalik osaleda TIC-TAC koolitusel &#8220;Youth in Action&#8221; Itaalias, Roomas 17-23.02.2020. Kai-T\u00f5e toredast koolitusest on&hellip;<\/p>\n","protected":false},"author":4,"featured_media":3669,"comment_status":"closed","ping_status":"open","sticky":false,"template":"","format":"standard","meta":{"_lmt_disableupdate":"","_lmt_disable":"","footnotes":""},"categories":[66],"tags":[],"class_list":["post-3666","post","type-post","status-publish","format-standard","has-post-thumbnail","hentry","category-rahvusvaheline-koostoo"],"_links":{"self":[{"href":"https:\/\/www.hariduskeskus.ee\/rahvusvaheline\/wp-json\/wp\/v2\/posts\/3666","targetHints":{"allow":["GET"]}}],"collection":[{"href":"https:\/\/www.hariduskeskus.ee\/rahvusvaheline\/wp-json\/wp\/v2\/posts"}],"about":[{"href":"https:\/\/www.hariduskeskus.ee\/rahvusvaheline\/wp-json\/wp\/v2\/types\/post"}],"author":[{"embeddable":true,"href":"https:\/\/www.hariduskeskus.ee\/rahvusvaheline\/wp-json\/wp\/v2\/users\/4"}],"replies":[{"embeddable":true,"href":"https:\/\/www.hariduskeskus.ee\/rahvusvaheline\/wp-json\/wp\/v2\/comments?post=3666"}],"version-history":[{"count":5,"href":"https:\/\/www.hariduskeskus.ee\/rahvusvaheline\/wp-json\/wp\/v2\/posts\/3666\/revisions"}],"predecessor-version":[{"id":3681,"href":"https:\/\/www.hariduskeskus.ee\/rahvusvaheline\/wp-json\/wp\/v2\/posts\/3666\/revisions\/3681"}],"wp:featuredmedia":[{"embeddable":true,"href":"https:\/\/www.hariduskeskus.ee\/rahvusvaheline\/wp-json\/wp\/v2\/media\/3669"}],"wp:attachment":[{"href":"https:\/\/www.hariduskeskus.ee\/rahvusvaheline\/wp-json\/wp\/v2\/media?parent=3666"}],"wp:term":[{"taxonomy":"category","embeddable":true,"href":"https:\/\/www.hariduskeskus.ee\/rahvusvaheline\/wp-json\/wp\/v2\/categories?post=3666"},{"taxonomy":"post_tag","embeddable":true,"href":"https:\/\/www.hariduskeskus.ee\/rahvusvaheline\/wp-json\/wp\/v2\/tags?post=3666"}],"curies":[{"name":"wp","href":"https:\/\/api.w.org\/{rel}","templated":true}]}}