{"id":3647,"date":"2020-10-06T13:34:07","date_gmt":"2020-10-06T13:34:07","guid":{"rendered":"https:\/\/www.hariduskeskus.ee\/international\/?p=3647"},"modified":"2020-10-13T17:12:23","modified_gmt":"2020-10-13T17:12:23","slug":"merilin-juuksuripraktikal-san-sebastianis-hispaanias","status":"publish","type":"post","link":"https:\/\/www.hariduskeskus.ee\/rahvusvaheline\/merilin-juuksuripraktikal-san-sebastianis-hispaanias\/","title":{"rendered":"Merilin juuksuripraktikal San Sebastianis, Hispaanias"},"content":{"rendered":"\t\t<div data-elementor-type=\"wp-post\" data-elementor-id=\"3647\" class=\"elementor elementor-3647\">\n\t\t\t\t\t\t<section class=\"penci-section penci-disSticky penci-structure-10 elementor-section elementor-top-section elementor-element elementor-element-bdb58aa elementor-section-boxed elementor-section-height-default elementor-section-height-default\" data-id=\"bdb58aa\" data-element_type=\"section\" data-e-type=\"section\">\n\t\t\t\t\t\t<div class=\"elementor-container elementor-column-gap-default\">\n\t\t\t\t\t<div class=\"penci-ercol-100 penci-ercol-order-1 penci-sticky-ct    elementor-column elementor-col-100 elementor-top-column elementor-element elementor-element-bc39495\" data-id=\"bc39495\" data-element_type=\"column\" data-e-type=\"column\">\n\t\t\t<div class=\"elementor-widget-wrap elementor-element-populated\">\n\t\t\t\t\t\t<div class=\"elementor-element elementor-element-3e92cc7 elementor-widget elementor-widget-text-editor\" data-id=\"3e92cc7\" data-element_type=\"widget\" data-e-type=\"widget\" data-widget_type=\"text-editor.default\">\n\t\t\t\t<div class=\"elementor-widget-container\">\n\t\t\t\t\t\t\t\t\t<p><strong>Merilin Aur<\/strong>, kes \u00f5ppis juuksuriks, k\u00e4is \u00f5pir\u00e4ndes\u00a0 Hispaanias 13.11-03.12.2018. <strong>Merilini<\/strong> \u00fclitoredalt ja v\u00e4ga p\u00f5hjalikult kirjutatud praktikakokkuv\u00f5tte ning <a href=\"https:\/\/valispratikahispaanias2018.blogspot.com\/2018\/10\/\">blogi<\/a> kaudu on v\u00f5imalik tutvuda tema \u00f5pir\u00e4ndega. <br \/><strong>\u00d5pir\u00e4nne Hispaanias<\/strong><br \/>V\u00e4lispraktika toimus 20.11-01.12.2018 Baskimaal, P\u00f5hja Hispaanias-Donostias, San Sebastiani linnas Marta G Estilisimo ilusalongis. T\u00f6\u00f6 ajad olid vastavalt kohaliku kooli ning ettev\u00f5tte poolt kokkulepituna. P\u00fchap\u00e4evad ja esmasp\u00e4evad vabad. Praktika eesm\u00e4rgiks oli olla \u00fcks osa tiimist. Soov oli n\u00e4ha uusi asju, tegutseda kui ka \u00f5ppida kohaliku keelt. Samuti uus kultuur, mood ja uued nipid, millest kindlasti seal salongis puudust ei tule. Eelt\u00f6\u00f6na oli infoks, et salong teeb koost\u00f6\u00f6d erinevate teatritega, osaleb show-del, tegelevad juuksepikenduste kui ka n\u00f6 juukseproteesidega. Ettev\u00f5tte omanik Marta Garcia on v\u00e4ga laia silmaringiga naisterahvas, kes j\u00f5uab igale poole. T\u00e4iendab end palju ning on kliendid ilmselgelt oma oskustega \u00e4ra v\u00f5lunud.<br \/>Salong ise on m\u00f5nus ja avar ja asub keskusele v\u00e4ga l\u00e4hedal. Salong asub 2 korrusel, kuid ligip\u00e4\u00e4suks on olemas lift ning see ei takista kellelgi tulemast. Sissep\u00e4\u00e4semiseks muidugi on vaja inimestel vajutada uksekella, mis peale siis uks l\u00e4heb lukust lahti. Salong on avatud esmasp\u00e4evast laup\u00e4evani. Esmasp\u00e4eviti avatakse kell 9.30 ja on kuni kella 14.00ni lahti- seej\u00e4rel toimub Siesta. Teisip\u00e4eviti ja kolmap\u00e4eviti on lahtioleku ajad 9.30-13.00, Siesta aeg ja siis j\u00e4lle avatud 15.30-19.00. Neljap\u00e4eviti ja reedeti on avatud 9.30-19.00 ja siesta aeg toimub t\u00f6\u00f6 ajal, pool tundi igale t\u00f6\u00f6tajale, et t\u00f6\u00f6tajate ruumis einestada. Laup\u00e4eviti on avatud 8.30-14.00. Aga neil on selline tore koost\u00f6\u00f6, et mitte keegi enne ei lahku varem, kui k\u00f5igil on t\u00f6\u00f6d tehtud. Klient lahkub ja siis lahkuvad alles k\u00f5ik t\u00f6\u00f6tajad koos.<br \/>T\u00f6\u00f6tajaid oli seal sellel korral kohapeal kummalgi t\u00f6\u00f6n\u00e4dalal 4 t\u00f6\u00f6tajat ja Marta. Muidu on neid kohal 5 t\u00f6\u00f6tajat ja Marta, aga seekord olid osadel puhkusen\u00e4dalad. Tore oli, et ma siiski k\u00f5ik t\u00f6\u00f6tajad \u00e4ra n\u00e4gin &#8211; \u00fcks armsam kui teine. K\u00f5ik t\u00f6\u00f6tajad olid v\u00e4ga suure s\u00fcdame ning abivalmid. Esimesel p\u00e4eval, kohe kui sinna l\u00e4ksin, uurisin, mis minu \u00fclesanneteks on ja kuna rahvast veel ei olnud, siis nad n\u00e4itasid k\u00f5ik ette &#8211; siis on hea koost\u00f6\u00f6d teha. Sellepeale \u00f6eldi mulle, et meil teevad k\u00f5ik k\u00f5ike ja ma ei pea tegema selliseid asju ainult, mida nemad v\u00f5ib-olla teha ei tahaks\/ei viitsiks. T\u00f5esti- see tiim on nii \u00fchtne ning kokkuhoidev.<br \/>Praktika iseloom oli t\u00f6\u00f6kas. Kuna t\u00f6\u00f6d ma teha ei karda ja olin valmis selleks, et mul ei lastagi midagi teha, siis minu \u00fcllatuseks sai minust t\u00e4isv\u00e4\u00e4rtuslik tiimikaaslane 3ndal praktikap\u00e4eval. Kordagi ei olnud seda, et nad oleks pidanud mulle \u00fctlema, et tee n\u00fc\u00fcd seda ja tee siis seda. Pigem oli, et kui neil oli abi vaja, siis \u2013 Merilin, please, can you do coloring? Jne. <br \/>Minu tavaline praktikap\u00e4ev n\u00e4gi v\u00e4lja j\u00e4rgnev- hommikuti tulles salongi t\u00f5in \u00e4ra r\u00e4tikud kuivatusruumist ning siis \u00fcheskoos lappisime need kokku ja panime riiulitele. Klientide vastuv\u00f5tt: v\u00f5tsin nende joped\/mantlid ja ulatasin salongi mantli, tegin selgeks kas tuleb v\u00e4rvimine v\u00f5i l\u00f5ikus. Ja vastavalt sellele siis suunasin kliendi istuma ja valmistasin ta ette juuksurile. Hoidsin silma koguaeg peal, et oleks puhtaid r\u00e4tikuid, et r\u00e4tikud saaksid pessu, kuivama. P\u00fchkisin peale l\u00f5ikust juuksekarvad ning vajadusel hoidsin sirgestajat, et t\u00f6\u00f6 saaks olla kiirem, efektiivsem ning ohutum. Nimelt on neil seal kasutuses ainult \u00fcks t\u00f6\u00f6k\u00e4ru, kus on asjad k\u00f5igile- kammid, rullharjad, viimistlusvahendid. Kui parasjagu kellelgi aega ei ole, et hoida sirgestajat, siis nad panevad need kahe jala vahele. No pole eriti turvaline ju. Pesin usinalt p\u00e4id, mis mulle sobis &#8211; sain peapesukausid puhtana hoida. Ja samuti \u00fclevaate k\u00f5ikjale- n\u00e4gin kui v\u00e4rviti, n\u00e4gin kui teostati l\u00f5ikusi ning soenguid.<br \/>Kuna kliendid kiitsid v\u00e4ga minu peapesu oskuseid ja nad ka ise olid v\u00e4ga rahul minu tehtud peapesudega, siis viimasel p\u00e4eval \u00fctles Marta, et ta ei saa mind koju lasta. M\u00f5ned p\u00e4evad varem kaks t\u00f6\u00f6tajat arvasid, et nad v\u00f5iks mu \u00fche teise t\u00f6\u00f6tajaga \u00e4ra vahetada. Et tema siia Eesti ja mina j\u00e4\u00e4n nende juurde. Olenemata keelebarj\u00e4\u00e4rist, mis mingil m\u00e4\u00e4ral oli, ei j\u00e4\u00e4nud miski tegemata ega saanud valesti tehtud. Kui keelt ei oska, siis kehakeel on ju alati abiks. Arvestades minu viimast t\u00f6\u00f6p\u00e4eva ja kohustusi, mida t\u00e4ita sain, siis julgen \u00f6elda, et ma sain h\u00e4sti hakkama oma tegemistega.<br \/>Minu kolm n\u00e4dalat v\u00f5\u00f5ral maal, v\u00f5\u00f5ras riigis ja ettev\u00f5ttes andis mulle palju. See julgus, et minna ja olla eemal 3 n\u00e4dalat oma perest ja v\u00f5\u00f5raste inimeste keskel, on kindlasti miskit sellist, mis pani proovile mu pingetaluvuse. Leidsin end v\u00e4ga mugavalt olemas. Avastasin endas v\u00e4ga hea orienteerumise oskuse &#8211; linn oli mulle varsti tuttav ning alati sain aru, kus ma olen. Seda, et \u00e4kki olen eksinud v\u00f5i \u00e4kki vale bussi peal, vales bussipeatuses- ei, k\u00f5ik oli nii loomulik. Kuna Hispaania keelel on palju sarnaseid ning sama t\u00e4hendusega s\u00f5nu, siis sai isegi mitte inglise keelt r\u00e4\u00e4kivate inimestega suheldud vajadusp\u00e4rastest asjadest. K\u00fcll aga oli baski keel, mis oli totaalselt erinev hispaania keelest endast, r\u00e4\u00e4kimata muust. Aga ka see ei tekitanud suurt poleemikat, kuna salongis usinalt \u00f5petati vajalike s\u00f5nu. Julgen \u00f6elda, et olen kindlasti elukogenum, julgem ja targem sealt tagasi tulles. Ainult, et t\u00fckike s\u00fcdamest j\u00e4i San Sebastiani. Tuleb tagasi minna sellele j\u00e4rgi v\u00f5i kaaslaseks talle teine t\u00fckikegi j\u00e4tta. Kindlasti \u00f5petas mulle ka kooselamine kellegi teise, kui oma pereliikmega, kolm n\u00e4dalat \u00fches ruumis ja peaaegu k\u00f5ike koos tehes, andis kindlasti juurde oskust rohkem teistega arvestada ja tolereerida. Ka andis see aeg \u00fclevaate- kas ma oleksin v\u00f5imeline ka tulevikus temaga kusagile reisima ja pikalt aega veetma. <br \/>Linn oli ilus ja v\u00e4ga kodune. Nimelt on ta ookeani \u00e4\u00e4rne linn nagu P\u00e4rnu meil. Loodus ilus, roheline ja soojamaa h\u00f5nguline- palmid, soojad ilmad. Ainult, et San Sebastian oli suurem kui P\u00e4rnu, nii Tallinna suurune. Siiralt tore oli vaadata kui armsad on inimesed t\u00e4naval, naeratused ja selline m\u00f5nus vaba olek. Abivalmid teenindajad, kui k\u00fcsid ja uurid, poevad nahast v\u00e4lja, et inimest v\u00f5imalikult palju aidata, isegi kui ta ei oska inglise keelt ja mina hispaania keelt. Inimesed on andekad, teevad oma trikke, etteasteid ning muud imelist kunsti. Nad ei kerjanud, nad andsid sulle emotsiooni ning sul oli v\u00f5imalus seda ettev\u00f5tmist toetada.<br \/>Mida \u00f5ppisin praktikalt- koost\u00f6\u00f6d, uusi soengu viimistlemise v\u00f5tteid, kuivatama poole v\u00f5imsama ja v\u00e4iksema f\u00f6\u00f6niga, kui mul endal kasutuses. Arendasin oma peapesu oskust, kiirust ja korrektust v\u00e4rvi peale kandmisel. Ja ma \u00f5ppisin rohkem naeratama. Probleemsituatsioone kui selliseid ei olnud. V\u00f5ib olla, kui siis ainult n\u00f6 eraelus, kus k\u00fclg k\u00fclje k\u00f5rval ning oma selline privaatolemise v\u00f5imalus puudus. Aga ka sellest sain \u00fcle oldud. Kodus olles saan ju minna kasv\u00f5i teisse tuppagi, aga seal oli ainus omaette olemise v\u00f5imalus vannitoas. Aga mis sa ikka seal passid. Julgen \u00f6elda, et see v\u00f5imalus oli ilmselt mulle viimane. Selliseid v\u00f5imalusi ei pruugi mul elus enam tulla, et saan osaleda programmis, kus k\u00f5ik on tasutud- mine, naudi, ole ja \u00f5pi.<\/p><blockquote><p>Ma nautisin seda k\u00f5ike t\u00e4iel rinnal, ma \u00f5ppisin igast asjast, mida \u00f5ppida andis. Ma sain tohutult juurde nii elukutsekogemusi kui ka elukogemust ennast.<\/p><\/blockquote><p>Tulla v\u00f5\u00f5rasse riiki, saada hakkama probleemsete situatsioonidega, seal juures j\u00e4\u00e4da rahulikuks ehk siis mitte minna paanikasse. Jah, vahel ma \u00e4rritusin, aga see oli m\u00f6\u00f6duv. Ja mitte kedagi see ei kahjustanud ega teinud liiga. Aga see ongi kogemus.<br \/>Kas minna v\u00f5i mitte minna, siin ei tohiks sellist k\u00fcsimust ollagi. Kui antakse v\u00f5imalus, tuleb seda kasutada. Alguses ma muretsesin, et kuidas mu abikaasa ikka saab 3 n\u00e4dalat kahe lapsega hakkama ja kuidas mina saan hakkama. Ma pole elus olnud ei oma abikaasast ega lastest nii kaua eemal. \u00d5nneks on t\u00e4nap\u00e4eva \u00fchiskond ja tehnika nii arenenud, et saime Facetime, Viberi ja Whatssappi abil suhelda. Muide, suhtlesin ka meie kontaktisikute Olaizi ( kooli inglise keele \u00f5petaja ) ja Noraga ( kooli direktrissiga) Whatssappi vahendusel, sest see on seal v\u00e4ga popp. Koduigatsust mul ei olnud, igatsus pere j\u00e4rgi-muidugi.<\/p>\t\t\t\t\t\t\t\t<\/div>\n\t\t\t\t<\/div>\n\t\t\t\t\t<\/div>\n\t\t<\/div>\n\t\t\t\t\t<\/div>\n\t\t<\/section>\n\t\t\t\t<\/div>\n\t\t","protected":false},"excerpt":{"rendered":"<p>Merilin Aur, kes \u00f5ppis juuksuriks, k\u00e4is \u00f5pir\u00e4ndes\u00a0 Hispaanias 13.11-03.12.2018. Merilini \u00fclitoredalt ja v\u00e4ga p\u00f5hjalikult kirjutatud praktikakokkuv\u00f5tte ning blogi kaudu on&hellip;<\/p>\n","protected":false},"author":4,"featured_media":3655,"comment_status":"closed","ping_status":"open","sticky":false,"template":"","format":"standard","meta":{"_lmt_disableupdate":"","_lmt_disable":"","footnotes":""},"categories":[8,42,6],"tags":[],"class_list":["post-3647","post","type-post","status-publish","format-standard","has-post-thumbnail","hentry","category-2018-2019","category-iluteenindus","category-opilaste-valispraktika"],"_links":{"self":[{"href":"https:\/\/www.hariduskeskus.ee\/rahvusvaheline\/wp-json\/wp\/v2\/posts\/3647","targetHints":{"allow":["GET"]}}],"collection":[{"href":"https:\/\/www.hariduskeskus.ee\/rahvusvaheline\/wp-json\/wp\/v2\/posts"}],"about":[{"href":"https:\/\/www.hariduskeskus.ee\/rahvusvaheline\/wp-json\/wp\/v2\/types\/post"}],"author":[{"embeddable":true,"href":"https:\/\/www.hariduskeskus.ee\/rahvusvaheline\/wp-json\/wp\/v2\/users\/4"}],"replies":[{"embeddable":true,"href":"https:\/\/www.hariduskeskus.ee\/rahvusvaheline\/wp-json\/wp\/v2\/comments?post=3647"}],"version-history":[{"count":5,"href":"https:\/\/www.hariduskeskus.ee\/rahvusvaheline\/wp-json\/wp\/v2\/posts\/3647\/revisions"}],"predecessor-version":[{"id":3782,"href":"https:\/\/www.hariduskeskus.ee\/rahvusvaheline\/wp-json\/wp\/v2\/posts\/3647\/revisions\/3782"}],"wp:featuredmedia":[{"embeddable":true,"href":"https:\/\/www.hariduskeskus.ee\/rahvusvaheline\/wp-json\/wp\/v2\/media\/3655"}],"wp:attachment":[{"href":"https:\/\/www.hariduskeskus.ee\/rahvusvaheline\/wp-json\/wp\/v2\/media?parent=3647"}],"wp:term":[{"taxonomy":"category","embeddable":true,"href":"https:\/\/www.hariduskeskus.ee\/rahvusvaheline\/wp-json\/wp\/v2\/categories?post=3647"},{"taxonomy":"post_tag","embeddable":true,"href":"https:\/\/www.hariduskeskus.ee\/rahvusvaheline\/wp-json\/wp\/v2\/tags?post=3647"}],"curies":[{"name":"wp","href":"https:\/\/api.w.org\/{rel}","templated":true}]}}