{"id":3594,"date":"2020-10-02T11:51:16","date_gmt":"2020-10-02T11:51:16","guid":{"rendered":"https:\/\/www.hariduskeskus.ee\/international\/?p=3594"},"modified":"2020-10-05T08:53:00","modified_gmt":"2020-10-05T08:53:00","slug":"puidutootlemise-opetajad-portugalis-stazeerimas","status":"publish","type":"post","link":"https:\/\/www.hariduskeskus.ee\/rahvusvaheline\/puidutootlemise-opetajad-portugalis-stazeerimas\/","title":{"rendered":"Puidut\u00f6\u00f6tlemise \u00f5petajad Portugalis \u00f5pir\u00e4ndamas"},"content":{"rendered":"\t\t<div data-elementor-type=\"wp-post\" data-elementor-id=\"3594\" class=\"elementor elementor-3594\">\n\t\t\t\t\t\t<section class=\"penci-section penci-disSticky penci-structure-10 elementor-section elementor-top-section elementor-element elementor-element-0a89753 elementor-section-boxed elementor-section-height-default elementor-section-height-default\" data-id=\"0a89753\" data-element_type=\"section\" data-e-type=\"section\">\n\t\t\t\t\t\t<div class=\"elementor-container elementor-column-gap-default\">\n\t\t\t\t\t<div class=\"penci-ercol-100 penci-ercol-order-1 penci-sticky-ct    elementor-column elementor-col-100 elementor-top-column elementor-element elementor-element-a3167a6\" data-id=\"a3167a6\" data-element_type=\"column\" data-e-type=\"column\">\n\t\t\t<div class=\"elementor-widget-wrap elementor-element-populated\">\n\t\t\t\t\t\t<div class=\"elementor-element elementor-element-8b61e24 elementor-widget elementor-widget-text-editor\" data-id=\"8b61e24\" data-element_type=\"widget\" data-e-type=\"widget\" data-widget_type=\"text-editor.default\">\n\t\t\t\t<div class=\"elementor-widget-container\">\n\t\t\t\t\t\t\t\t\t<p>P\u00e4rnumaa Kutsehariduskeskuse tehnika\u00f5ppe osakonna puiduvaldkonna \u00f5petajad <strong>Margus Kasekamp, Jarmo Kask<\/strong> ja <strong>Enn Kiviselg<\/strong> k\u00e4isid 20.05-26.05.2019 \u00f5pir\u00e4ndes koos projektijuhi <strong>Thea Tammeleht-Abrahamiga. <\/strong>T\u00f6\u00f6tajad k\u00e4isid erinevates puiduvaldkonna ettev\u00f5tetes j\u00e4lgimas t\u00f6\u00f6protsesse, tutvumas ettev\u00f5tetes kasutusel oleva tehnoloogiaga ning vaatlemas v\u00f5imalikke \u00f5ppepraktikakohti \u00f5pilastele. <br \/>Loe t\u00f6\u00f6tajate \u00f5pir\u00e4nde kohta rohkem allpool olevast kokkuv\u00f5ttest:<strong><br \/><\/strong>Meie kohapealne uus partner Braga Mobility tutvustas enda t\u00f6id ja tegevusi. K\u00fclastasime \u00f5pir\u00e4nde k\u00e4idus samuti erinevaid puidu- ja m\u00f6\u00f6bliga tegelevaid ettev\u00f5tteid. Ettev\u00f5te Moovelux tegevjuht tutvustas meile firma ajalugu ning r\u00e4\u00e4kis, miks ja millal hakkas nende ettev\u00f5te tegelema vannitoa m\u00f6\u00f6blivalmistamise ja monteerimisega. Ettev\u00f5te on seitse aastat vana. Poolteist aastat tagasi j\u00f5uti arusaamisele, et ise on lihtsam toota, kui vaid monteerida. P\u00e4evas pannakse kokku ca 100 vannitoa kappi. Samuti toimub detailide erinevate puidust valmistamine. Meie \u00f5pilastel oleks v\u00f5imalus firmas tegeleda erinevate puiduvaldkonna t\u00f6\u00f6dega. N\u00e4iteks oleks neil v\u00f5imaik \u00f5ppepraktika toimumise ajal kasutada erinevaid m\u00f6\u00f6blivalmistamise masinaid. Samuti saaksid lihvida, puhastada kui ka monteerida m\u00f6\u00f6blit.<br \/>K\u00fclastasime ka teist m\u00f6\u00f6blit valmistavat ettev\u00f5tet nimega Mallowdream. Nemad tegelevad enamjaolt erim\u00f5\u00f5dus ja disainiga kappide ja k\u00f6\u00f6gim\u00f6\u00f6bli valmistamisega.\u00a0 K\u00f6\u00f6gim\u00f6\u00f6bli valmistamise ettev\u00f5ttes saaksid samuti meie \u00f5pilased praktiseerida, enamjaolt ettevalmistuse faasis, monteerimises, kui ka pakkimises.<br \/>Samuti k\u00fclastasime kohalikku kutsehariduskooli Profitecla. Meile tutvustati kooli, r\u00e4\u00e4giti \u00f5ppimis-, ja koost\u00f6\u00f6 v\u00f5imalustest. Kool on pisikene ja alles hiljuti alustanud tegevust.<br \/>Samuti tutvusime kutsekooliga EPATV. R\u00e4\u00e4giti, kuidas on Portugali \u00f5ppes\u00fcsteem.\u00a0 Koolis \u00f5petatakse erinevaid ameteid, nagu n\u00e4iteks toitlustusega seotuid erialasid (kokandus, pagar ja ettekandja) ning tehnikaerialasid nagu, automehhaanik, lukksepp, elektroonika, p\u00e4ikeseeneriga, keevitaja, jne erialad.<br \/>Portugali koolis\u00fcsteem on \u00fcsna sarnane meie koolis\u00fcsteemile. Koolis on palju t\u00e4iskasvanud \u00f5ppijaid, kes on tulnud tagasi kooli, et omandada keskharidus, sest eelnevatel aastale oli koolikohustus kuni 7 v\u00f5i 9 klassini (s\u00f5ltuvalt, mis aastatel on kool l\u00f5petatud).\u00a0 Kooli on v\u00f5imalik l\u00f5petada kahte moodi. Kas tehes kohalikud riiklikud eksamid, mis on \u00fcpris rasked, sest kutsehariduskoolis (schola proffesionala) ei panda suurt r\u00f5hku tava\u00f5ppeainetele. Teine v\u00f5imalus on tehes liigaasta ehk 0 \u00fclikooli \u00f5ppeaasta, mis on m\u00f5eldud ettevalmistava aastana \u00fclikooli astumiseks. Paljud valivad vaid lihteksamid, sest soovitakse juba 11 klassis suunduda t\u00f6\u00f6turule. Viimastel aastatel on noorte seas t\u00f5usvaks tendentsiks \u00fclikooli minek.<br \/>Tutvusime \u00f5ppek\u00e4igul ka kohaliku \u00fclikooliga IPCA, kus \u00f5petatakse nelja erinevat suunitlust: disain, turism, raamatupidamine ja IT-d . IT-s on \u00f5ppe p\u00f5hir\u00f5hk arvutim\u00e4ngude programmeerimisel ning nende arendamisel. \u00dclikool sai alguse 25 aastat tagasi, kui kooli asutajaliige alustas \u00fche raamatupidajate grupiga.<br \/>Kooli kompleks on \u00fcles ehitatud neljale erinevale majale. Turismimaja avatakse loodetavasti j\u00e4rgmisel aastal, kui l\u00f5peb renoveerimine (uues majas on olemas ka hotelli osa, mis siis saab olema nn \u00f5ppehotell, kus nende endi \u00f5pilased t\u00f6\u00f6tavad). Samuti pannakse koolis suurt r\u00f5hku kutsekeskhariduse omandamisele, mis siis toimub kaks aastat. Selle k\u00e4igus omandatakse kutsekeskhariduse tunnistus.<br \/>Vabal ajal tutvusime kohaliku Portugali kultuuriga. K\u00fclastasime erinevaid kultuurim\u00e4lestisi, kirikuid (Bom Jesus ja Sameiro) ning linna. K\u00e4isime ka tutvustaval kultuurituuril Braga linnas ja selle \u00fcmbruses. Samuti k\u00fclastasime Portugali linna Portot, mis asub Bragast ca \u00fche tunni kaugusel.<\/p>\t\t\t\t\t\t\t\t<\/div>\n\t\t\t\t<\/div>\n\t\t\t\t\t<\/div>\n\t\t<\/div>\n\t\t\t\t\t<\/div>\n\t\t<\/section>\n\t\t\t\t<section class=\"penci-section penci-disSticky penci-structure-10 elementor-section elementor-top-section elementor-element elementor-element-470a351 elementor-section-boxed elementor-section-height-default elementor-section-height-default\" data-id=\"470a351\" data-element_type=\"section\" data-e-type=\"section\">\n\t\t\t\t\t\t<div class=\"elementor-container elementor-column-gap-default\">\n\t\t\t\t\t<div class=\"penci-ercol-100 penci-ercol-order-1 penci-sticky-ct    elementor-column elementor-col-100 elementor-top-column elementor-element elementor-element-744347d\" data-id=\"744347d\" data-element_type=\"column\" data-e-type=\"column\">\n\t\t\t<div class=\"elementor-widget-wrap elementor-element-populated\">\n\t\t\t\t\t\t<div class=\"elementor-element elementor-element-461754e elementor-widget elementor-widget-image-gallery\" data-id=\"461754e\" data-element_type=\"widget\" data-e-type=\"widget\" data-widget_type=\"image-gallery.default\">\n\t\t\t\t<div class=\"elementor-widget-container\">\n\t\t\t\t\t\t\t<div class=\"elementor-image-gallery\">\n\t\t\t<div data-sliderid=\"14423\" id=\"penci-post-gallery__14423\" class=\"penci-post-gallery-container justified column-4\" data-height=\"150\" data-margin=\"3\"><a class=\"penci-gallery-ite item-gallery-justified\" href=\"https:\/\/www.hariduskeskus.ee\/rahvusvaheline\/wp-content\/uploads\/2020\/10\/Haridustootajad-Portugalis-18-19-1-1-scaled.jpg\" data-rel=\"penci-gallery-image-content\" ><img decoding=\"async\" src=\"https:\/\/www.hariduskeskus.ee\/rahvusvaheline\/wp-content\/uploads\/2020\/10\/Haridustootajad-Portugalis-18-19-1-1-585x439.jpg\" alt=\"\" title=\"Haridust\u00f6\u00f6tajad Portugalis 18-19 (1)\"><\/a><a class=\"penci-gallery-ite item-gallery-justified\" href=\"https:\/\/www.hariduskeskus.ee\/rahvusvaheline\/wp-content\/uploads\/2020\/10\/Haridustootajad-Portugalis-18-19-15-1-scaled.jpg\" data-rel=\"penci-gallery-image-content\" ><img decoding=\"async\" src=\"https:\/\/www.hariduskeskus.ee\/rahvusvaheline\/wp-content\/uploads\/2020\/10\/Haridustootajad-Portugalis-18-19-15-1-585x780.jpg\" alt=\"\" title=\"Haridust\u00f6\u00f6tajad Portugalis 18-19 (15)\"><\/a><a class=\"penci-gallery-ite item-gallery-justified\" href=\"https:\/\/www.hariduskeskus.ee\/rahvusvaheline\/wp-content\/uploads\/2020\/10\/Haridustootajad-Portugalis-18-19-14-1-scaled.jpg\" data-rel=\"penci-gallery-image-content\" ><img decoding=\"async\" src=\"https:\/\/www.hariduskeskus.ee\/rahvusvaheline\/wp-content\/uploads\/2020\/10\/Haridustootajad-Portugalis-18-19-14-1-585x780.jpg\" alt=\"\" title=\"Haridust\u00f6\u00f6tajad Portugalis 18-19 (14)\"><\/a><a class=\"penci-gallery-ite item-gallery-justified\" href=\"https:\/\/www.hariduskeskus.ee\/rahvusvaheline\/wp-content\/uploads\/2020\/10\/Haridustootajad-Portugalis-18-19-13-1-scaled.jpg\" data-rel=\"penci-gallery-image-content\" ><img decoding=\"async\" src=\"https:\/\/www.hariduskeskus.ee\/rahvusvaheline\/wp-content\/uploads\/2020\/10\/Haridustootajad-Portugalis-18-19-13-1-585x780.jpg\" alt=\"\" title=\"Haridust\u00f6\u00f6tajad Portugalis 18-19 (13)\"><\/a><a class=\"penci-gallery-ite item-gallery-justified\" href=\"https:\/\/www.hariduskeskus.ee\/rahvusvaheline\/wp-content\/uploads\/2020\/10\/Haridustootajad-Portugalis-18-19-12-1-scaled.jpg\" data-rel=\"penci-gallery-image-content\" ><img decoding=\"async\" src=\"https:\/\/www.hariduskeskus.ee\/rahvusvaheline\/wp-content\/uploads\/2020\/10\/Haridustootajad-Portugalis-18-19-12-1-585x780.jpg\" alt=\"\" title=\"Haridust\u00f6\u00f6tajad Portugalis 18-19 (12)\"><\/a><a class=\"penci-gallery-ite item-gallery-justified\" href=\"https:\/\/www.hariduskeskus.ee\/rahvusvaheline\/wp-content\/uploads\/2020\/10\/Haridustootajad-Portugalis-18-19-11-1-scaled.jpg\" data-rel=\"penci-gallery-image-content\" ><img decoding=\"async\" src=\"https:\/\/www.hariduskeskus.ee\/rahvusvaheline\/wp-content\/uploads\/2020\/10\/Haridustootajad-Portugalis-18-19-11-1-585x780.jpg\" alt=\"\" title=\"Haridust\u00f6\u00f6tajad Portugalis 18-19 (11)\"><\/a><a class=\"penci-gallery-ite item-gallery-justified\" href=\"https:\/\/www.hariduskeskus.ee\/rahvusvaheline\/wp-content\/uploads\/2020\/10\/Haridustootajad-Portugalis-18-19-10-1-scaled.jpg\" data-rel=\"penci-gallery-image-content\" ><img decoding=\"async\" src=\"https:\/\/www.hariduskeskus.ee\/rahvusvaheline\/wp-content\/uploads\/2020\/10\/Haridustootajad-Portugalis-18-19-10-1-585x439.jpg\" alt=\"\" title=\"Haridust\u00f6\u00f6tajad Portugalis 18-19 (10)\"><\/a><a class=\"penci-gallery-ite item-gallery-justified\" href=\"https:\/\/www.hariduskeskus.ee\/rahvusvaheline\/wp-content\/uploads\/2020\/10\/Haridustootajad-Portugalis-18-19-9-1-scaled.jpg\" data-rel=\"penci-gallery-image-content\" ><img decoding=\"async\" src=\"https:\/\/www.hariduskeskus.ee\/rahvusvaheline\/wp-content\/uploads\/2020\/10\/Haridustootajad-Portugalis-18-19-9-1-585x780.jpg\" alt=\"\" title=\"Haridust\u00f6\u00f6tajad Portugalis 18-19 (9)\"><\/a><a class=\"penci-gallery-ite item-gallery-justified\" href=\"https:\/\/www.hariduskeskus.ee\/rahvusvaheline\/wp-content\/uploads\/2020\/10\/Haridustootajad-Portugalis-18-19-8-1-scaled.jpg\" data-rel=\"penci-gallery-image-content\" ><img decoding=\"async\" src=\"https:\/\/www.hariduskeskus.ee\/rahvusvaheline\/wp-content\/uploads\/2020\/10\/Haridustootajad-Portugalis-18-19-8-1-585x780.jpg\" alt=\"\" title=\"Haridust\u00f6\u00f6tajad Portugalis 18-19 (8)\"><\/a><a class=\"penci-gallery-ite item-gallery-justified\" href=\"https:\/\/www.hariduskeskus.ee\/rahvusvaheline\/wp-content\/uploads\/2020\/10\/Haridustootajad-Portugalis-18-19-7-1-scaled.jpg\" data-rel=\"penci-gallery-image-content\" ><img decoding=\"async\" src=\"https:\/\/www.hariduskeskus.ee\/rahvusvaheline\/wp-content\/uploads\/2020\/10\/Haridustootajad-Portugalis-18-19-7-1-585x780.jpg\" alt=\"\" title=\"Haridust\u00f6\u00f6tajad Portugalis 18-19 (7)\"><\/a><a class=\"penci-gallery-ite item-gallery-justified\" href=\"https:\/\/www.hariduskeskus.ee\/rahvusvaheline\/wp-content\/uploads\/2020\/10\/Haridustootajad-Portugalis-18-19-6-1-scaled.jpg\" data-rel=\"penci-gallery-image-content\" ><img decoding=\"async\" src=\"https:\/\/www.hariduskeskus.ee\/rahvusvaheline\/wp-content\/uploads\/2020\/10\/Haridustootajad-Portugalis-18-19-6-1-585x262.jpg\" alt=\"\" title=\"Haridust\u00f6\u00f6tajad Portugalis 18-19 (6)\"><\/a><a class=\"penci-gallery-ite item-gallery-justified\" href=\"https:\/\/www.hariduskeskus.ee\/rahvusvaheline\/wp-content\/uploads\/2020\/10\/Haridustootajad-Portugalis-18-19-5-1-scaled.jpg\" data-rel=\"penci-gallery-image-content\" ><img decoding=\"async\" src=\"https:\/\/www.hariduskeskus.ee\/rahvusvaheline\/wp-content\/uploads\/2020\/10\/Haridustootajad-Portugalis-18-19-5-1-585x246.jpg\" alt=\"\" title=\"Haridust\u00f6\u00f6tajad Portugalis 18-19 (5)\"><\/a><a class=\"penci-gallery-ite item-gallery-justified\" href=\"https:\/\/www.hariduskeskus.ee\/rahvusvaheline\/wp-content\/uploads\/2020\/10\/Haridustootajad-Portugalis-18-19-4-1-scaled.jpg\" data-rel=\"penci-gallery-image-content\" ><img decoding=\"async\" src=\"https:\/\/www.hariduskeskus.ee\/rahvusvaheline\/wp-content\/uploads\/2020\/10\/Haridustootajad-Portugalis-18-19-4-1-585x278.jpg\" alt=\"\" title=\"Haridust\u00f6\u00f6tajad Portugalis 18-19 (4)\"><\/a><a class=\"penci-gallery-ite item-gallery-justified\" href=\"https:\/\/www.hariduskeskus.ee\/rahvusvaheline\/wp-content\/uploads\/2020\/10\/Haridustootajad-Portugalis-18-19-3-1-scaled.jpg\" data-rel=\"penci-gallery-image-content\" ><img decoding=\"async\" src=\"https:\/\/www.hariduskeskus.ee\/rahvusvaheline\/wp-content\/uploads\/2020\/10\/Haridustootajad-Portugalis-18-19-3-1-585x439.jpg\" alt=\"\" title=\"Haridust\u00f6\u00f6tajad Portugalis 18-19 (3)\"><\/a><a class=\"penci-gallery-ite item-gallery-justified\" href=\"https:\/\/www.hariduskeskus.ee\/rahvusvaheline\/wp-content\/uploads\/2020\/10\/Haridustootajad-Portugalis-18-19-2-1-scaled.jpg\" data-rel=\"penci-gallery-image-content\" ><img decoding=\"async\" src=\"https:\/\/www.hariduskeskus.ee\/rahvusvaheline\/wp-content\/uploads\/2020\/10\/Haridustootajad-Portugalis-18-19-2-1-585x234.jpg\" alt=\"\" title=\"Haridust\u00f6\u00f6tajad Portugalis 18-19 (2)\"><\/a><a class=\"penci-gallery-ite item-gallery-justified\" href=\"https:\/\/www.hariduskeskus.ee\/rahvusvaheline\/wp-content\/uploads\/2020\/10\/Haridustootajad-Portugalis-18-19-19.jpg\" data-rel=\"penci-gallery-image-content\" ><img decoding=\"async\" src=\"https:\/\/www.hariduskeskus.ee\/rahvusvaheline\/wp-content\/uploads\/2020\/10\/Haridustootajad-Portugalis-18-19-19.jpg\" alt=\"\" title=\"Haridust\u00f6\u00f6tajad Portugalis 18-19 (19)\"><\/a><a class=\"penci-gallery-ite item-gallery-justified\" href=\"https:\/\/www.hariduskeskus.ee\/rahvusvaheline\/wp-content\/uploads\/2020\/10\/Haridustootajad-Portugalis-18-19-2.jpg\" data-rel=\"penci-gallery-image-content\" ><img decoding=\"async\" src=\"https:\/\/www.hariduskeskus.ee\/rahvusvaheline\/wp-content\/uploads\/2020\/10\/Haridustootajad-Portugalis-18-19-2.jpg\" alt=\"\" title=\"Haridust\u00f6\u00f6tajad Portugalis 18-19 (2)\"><\/a><a class=\"penci-gallery-ite item-gallery-justified\" href=\"https:\/\/www.hariduskeskus.ee\/rahvusvaheline\/wp-content\/uploads\/2020\/10\/Haridustootajad-Portugalis-18-19-17.jpg\" data-rel=\"penci-gallery-image-content\" ><img decoding=\"async\" src=\"https:\/\/www.hariduskeskus.ee\/rahvusvaheline\/wp-content\/uploads\/2020\/10\/Haridustootajad-Portugalis-18-19-17-585x439.jpg\" alt=\"\" title=\"Haridust\u00f6\u00f6tajad Portugalis 18-19 (17)\"><\/a><a class=\"penci-gallery-ite item-gallery-justified\" href=\"https:\/\/www.hariduskeskus.ee\/rahvusvaheline\/wp-content\/uploads\/2020\/10\/Haridustootajad-Portugalis-18-19-18.jpg\" data-rel=\"penci-gallery-image-content\" ><img decoding=\"async\" src=\"https:\/\/www.hariduskeskus.ee\/rahvusvaheline\/wp-content\/uploads\/2020\/10\/Haridustootajad-Portugalis-18-19-18.jpg\" alt=\"\" title=\"Haridust\u00f6\u00f6tajad Portugalis 18-19 (18)\"><\/a><a class=\"penci-gallery-ite item-gallery-justified\" href=\"https:\/\/www.hariduskeskus.ee\/rahvusvaheline\/wp-content\/uploads\/2020\/10\/Haridustootajad-Portugalis-18-19-16.jpg\" data-rel=\"penci-gallery-image-content\" ><img decoding=\"async\" src=\"https:\/\/www.hariduskeskus.ee\/rahvusvaheline\/wp-content\/uploads\/2020\/10\/Haridustootajad-Portugalis-18-19-16-585x439.jpg\" alt=\"\" title=\"Haridust\u00f6\u00f6tajad Portugalis 18-19 (16)\"><\/a><a class=\"penci-gallery-ite item-gallery-justified\" href=\"https:\/\/www.hariduskeskus.ee\/rahvusvaheline\/wp-content\/uploads\/2020\/10\/Haridustootajad-Portugalis-18-19-15.jpg\" data-rel=\"penci-gallery-image-content\" ><img decoding=\"async\" src=\"https:\/\/www.hariduskeskus.ee\/rahvusvaheline\/wp-content\/uploads\/2020\/10\/Haridustootajad-Portugalis-18-19-15.jpg\" alt=\"\" title=\"Haridust\u00f6\u00f6tajad Portugalis 18-19 (15)\"><\/a><a class=\"penci-gallery-ite item-gallery-justified\" href=\"https:\/\/www.hariduskeskus.ee\/rahvusvaheline\/wp-content\/uploads\/2020\/10\/Haridustootajad-Portugalis-18-19-14.jpg\" data-rel=\"penci-gallery-image-content\" ><img decoding=\"async\" src=\"https:\/\/www.hariduskeskus.ee\/rahvusvaheline\/wp-content\/uploads\/2020\/10\/Haridustootajad-Portugalis-18-19-14.jpg\" alt=\"\" title=\"Haridust\u00f6\u00f6tajad Portugalis 18-19 (14)\"><\/a><a class=\"penci-gallery-ite item-gallery-justified\" href=\"https:\/\/www.hariduskeskus.ee\/rahvusvaheline\/wp-content\/uploads\/2020\/10\/Haridustootajad-Portugalis-18-19-13.jpg\" data-rel=\"penci-gallery-image-content\" ><img decoding=\"async\" src=\"https:\/\/www.hariduskeskus.ee\/rahvusvaheline\/wp-content\/uploads\/2020\/10\/Haridustootajad-Portugalis-18-19-13.jpg\" alt=\"\" title=\"Haridust\u00f6\u00f6tajad Portugalis 18-19 (13)\"><\/a><a class=\"penci-gallery-ite item-gallery-justified\" href=\"https:\/\/www.hariduskeskus.ee\/rahvusvaheline\/wp-content\/uploads\/2020\/10\/Haridustootajad-Portugalis-18-19-12.jpg\" data-rel=\"penci-gallery-image-content\" ><img decoding=\"async\" src=\"https:\/\/www.hariduskeskus.ee\/rahvusvaheline\/wp-content\/uploads\/2020\/10\/Haridustootajad-Portugalis-18-19-12-585x439.jpg\" alt=\"\" title=\"Haridust\u00f6\u00f6tajad Portugalis 18-19 (12)\"><\/a><a class=\"penci-gallery-ite item-gallery-justified\" href=\"https:\/\/www.hariduskeskus.ee\/rahvusvaheline\/wp-content\/uploads\/2020\/10\/Haridustootajad-Portugalis-18-19-9.jpg\" data-rel=\"penci-gallery-image-content\" ><img decoding=\"async\" src=\"https:\/\/www.hariduskeskus.ee\/rahvusvaheline\/wp-content\/uploads\/2020\/10\/Haridustootajad-Portugalis-18-19-9-585x439.jpg\" alt=\"\" title=\"Haridust\u00f6\u00f6tajad Portugalis 18-19 (9)\"><\/a><a class=\"penci-gallery-ite item-gallery-justified\" href=\"https:\/\/www.hariduskeskus.ee\/rahvusvaheline\/wp-content\/uploads\/2020\/10\/Haridustootajad-Portugalis-18-19-8.jpg\" data-rel=\"penci-gallery-image-content\" ><img decoding=\"async\" src=\"https:\/\/www.hariduskeskus.ee\/rahvusvaheline\/wp-content\/uploads\/2020\/10\/Haridustootajad-Portugalis-18-19-8-585x439.jpg\" alt=\"\" title=\"Haridust\u00f6\u00f6tajad Portugalis 18-19 (8)\"><\/a><a class=\"penci-gallery-ite item-gallery-justified\" href=\"https:\/\/www.hariduskeskus.ee\/rahvusvaheline\/wp-content\/uploads\/2020\/10\/Haridustootajad-Portugalis-18-19-6.jpg\" data-rel=\"penci-gallery-image-content\" ><img decoding=\"async\" src=\"https:\/\/www.hariduskeskus.ee\/rahvusvaheline\/wp-content\/uploads\/2020\/10\/Haridustootajad-Portugalis-18-19-6.jpg\" alt=\"\" title=\"Haridust\u00f6\u00f6tajad Portugalis 18-19 (6)\"><\/a><a class=\"penci-gallery-ite item-gallery-justified\" href=\"https:\/\/www.hariduskeskus.ee\/rahvusvaheline\/wp-content\/uploads\/2020\/10\/Haridustootajad-Portugalis-18-19-4.jpg\" data-rel=\"penci-gallery-image-content\" ><img decoding=\"async\" src=\"https:\/\/www.hariduskeskus.ee\/rahvusvaheline\/wp-content\/uploads\/2020\/10\/Haridustootajad-Portugalis-18-19-4-585x141.jpg\" alt=\"\" title=\"Haridust\u00f6\u00f6tajad Portugalis 18-19 (4)\"><\/a><a class=\"penci-gallery-ite item-gallery-justified\" href=\"https:\/\/www.hariduskeskus.ee\/rahvusvaheline\/wp-content\/uploads\/2020\/10\/Haridustootajad-Portugalis-18-19-3.jpg\" data-rel=\"penci-gallery-image-content\" ><img decoding=\"async\" src=\"https:\/\/www.hariduskeskus.ee\/rahvusvaheline\/wp-content\/uploads\/2020\/10\/Haridustootajad-Portugalis-18-19-3-585x439.jpg\" alt=\"\" title=\"Haridust\u00f6\u00f6tajad Portugalis 18-19 (3)\"><\/a><a class=\"penci-gallery-ite item-gallery-justified\" href=\"https:\/\/www.hariduskeskus.ee\/rahvusvaheline\/wp-content\/uploads\/2020\/10\/Haridustootajad-Portugalis-18-19-1.jpg\" data-rel=\"penci-gallery-image-content\" ><img decoding=\"async\" src=\"https:\/\/www.hariduskeskus.ee\/rahvusvaheline\/wp-content\/uploads\/2020\/10\/Haridustootajad-Portugalis-18-19-1-585x439.jpg\" alt=\"\" title=\"Haridust\u00f6\u00f6tajad Portugalis 18-19 (1)\"><\/a><a class=\"penci-gallery-ite item-gallery-justified\" href=\"https:\/\/www.hariduskeskus.ee\/rahvusvaheline\/wp-content\/uploads\/2020\/10\/Haridustootajad-Portugalis-18-19-32.jpg\" data-rel=\"penci-gallery-image-content\" ><img decoding=\"async\" src=\"https:\/\/www.hariduskeskus.ee\/rahvusvaheline\/wp-content\/uploads\/2020\/10\/Haridustootajad-Portugalis-18-19-32.jpg\" alt=\"\" title=\"Haridust\u00f6\u00f6tajad Portugalis 18-19 (32)\"><\/a><a class=\"penci-gallery-ite item-gallery-justified\" href=\"https:\/\/www.hariduskeskus.ee\/rahvusvaheline\/wp-content\/uploads\/2020\/10\/Haridustootajad-Portugalis-18-19-29.jpg\" data-rel=\"penci-gallery-image-content\" ><img decoding=\"async\" src=\"https:\/\/www.hariduskeskus.ee\/rahvusvaheline\/wp-content\/uploads\/2020\/10\/Haridustootajad-Portugalis-18-19-29.jpg\" alt=\"\" title=\"Haridust\u00f6\u00f6tajad Portugalis 18-19 (29)\"><\/a><a class=\"penci-gallery-ite item-gallery-justified\" href=\"https:\/\/www.hariduskeskus.ee\/rahvusvaheline\/wp-content\/uploads\/2020\/10\/Haridustootajad-Portugalis-18-19-27.jpg\" data-rel=\"penci-gallery-image-content\" ><img decoding=\"async\" src=\"https:\/\/www.hariduskeskus.ee\/rahvusvaheline\/wp-content\/uploads\/2020\/10\/Haridustootajad-Portugalis-18-19-27-585x439.jpg\" alt=\"\" title=\"Haridust\u00f6\u00f6tajad Portugalis 18-19 (27)\"><\/a><a class=\"penci-gallery-ite item-gallery-justified\" href=\"https:\/\/www.hariduskeskus.ee\/rahvusvaheline\/wp-content\/uploads\/2020\/10\/Haridustootajad-Portugalis-18-19-24.jpg\" data-rel=\"penci-gallery-image-content\" ><img decoding=\"async\" src=\"https:\/\/www.hariduskeskus.ee\/rahvusvaheline\/wp-content\/uploads\/2020\/10\/Haridustootajad-Portugalis-18-19-24.jpg\" alt=\"\" title=\"Haridust\u00f6\u00f6tajad Portugalis 18-19 (24)\"><\/a><a class=\"penci-gallery-ite item-gallery-justified\" href=\"https:\/\/www.hariduskeskus.ee\/rahvusvaheline\/wp-content\/uploads\/2020\/10\/Haridustootajad-Portugalis-18-19-23.jpg\" data-rel=\"penci-gallery-image-content\" ><img decoding=\"async\" src=\"https:\/\/www.hariduskeskus.ee\/rahvusvaheline\/wp-content\/uploads\/2020\/10\/Haridustootajad-Portugalis-18-19-23.jpg\" alt=\"\" title=\"Haridust\u00f6\u00f6tajad Portugalis 18-19 (23)\"><\/a><a class=\"penci-gallery-ite item-gallery-justified\" href=\"https:\/\/www.hariduskeskus.ee\/rahvusvaheline\/wp-content\/uploads\/2020\/10\/Haridustootajad-Portugalis-18-19-22.jpg\" data-rel=\"penci-gallery-image-content\" ><img decoding=\"async\" src=\"https:\/\/www.hariduskeskus.ee\/rahvusvaheline\/wp-content\/uploads\/2020\/10\/Haridustootajad-Portugalis-18-19-22.jpg\" alt=\"\" title=\"Haridust\u00f6\u00f6tajad Portugalis 18-19 (22)\"><\/a><\/div>\t\t<\/div>\n\t\t\t\t\t\t<\/div>\n\t\t\t\t<\/div>\n\t\t\t\t\t<\/div>\n\t\t<\/div>\n\t\t\t\t\t<\/div>\n\t\t<\/section>\n\t\t\t\t<\/div>\n\t\t","protected":false},"excerpt":{"rendered":"<p>P\u00e4rnumaa Kutsehariduskeskuse tehnika\u00f5ppe osakonna puiduvaldkonna \u00f5petajad Margus Kasekamp, Jarmo Kask ja Enn Kiviselg k\u00e4isid 20.05-26.05.2019 \u00f5pir\u00e4ndes koos projektijuhi Thea Tammeleht-Abrahamiga.&hellip;<\/p>\n","protected":false},"author":4,"featured_media":3615,"comment_status":"closed","ping_status":"open","sticky":false,"template":"","format":"standard","meta":{"_lmt_disableupdate":"","_lmt_disable":"","footnotes":""},"categories":[64,4],"tags":[],"class_list":["post-3594","post","type-post","status-publish","format-standard","has-post-thumbnail","hentry","category-2018-2019oa","category-tootajate-opiranne"],"_links":{"self":[{"href":"https:\/\/www.hariduskeskus.ee\/rahvusvaheline\/wp-json\/wp\/v2\/posts\/3594","targetHints":{"allow":["GET"]}}],"collection":[{"href":"https:\/\/www.hariduskeskus.ee\/rahvusvaheline\/wp-json\/wp\/v2\/posts"}],"about":[{"href":"https:\/\/www.hariduskeskus.ee\/rahvusvaheline\/wp-json\/wp\/v2\/types\/post"}],"author":[{"embeddable":true,"href":"https:\/\/www.hariduskeskus.ee\/rahvusvaheline\/wp-json\/wp\/v2\/users\/4"}],"replies":[{"embeddable":true,"href":"https:\/\/www.hariduskeskus.ee\/rahvusvaheline\/wp-json\/wp\/v2\/comments?post=3594"}],"version-history":[{"count":5,"href":"https:\/\/www.hariduskeskus.ee\/rahvusvaheline\/wp-json\/wp\/v2\/posts\/3594\/revisions"}],"predecessor-version":[{"id":3644,"href":"https:\/\/www.hariduskeskus.ee\/rahvusvaheline\/wp-json\/wp\/v2\/posts\/3594\/revisions\/3644"}],"wp:featuredmedia":[{"embeddable":true,"href":"https:\/\/www.hariduskeskus.ee\/rahvusvaheline\/wp-json\/wp\/v2\/media\/3615"}],"wp:attachment":[{"href":"https:\/\/www.hariduskeskus.ee\/rahvusvaheline\/wp-json\/wp\/v2\/media?parent=3594"}],"wp:term":[{"taxonomy":"category","embeddable":true,"href":"https:\/\/www.hariduskeskus.ee\/rahvusvaheline\/wp-json\/wp\/v2\/categories?post=3594"},{"taxonomy":"post_tag","embeddable":true,"href":"https:\/\/www.hariduskeskus.ee\/rahvusvaheline\/wp-json\/wp\/v2\/tags?post=3594"}],"curies":[{"name":"wp","href":"https:\/\/api.w.org\/{rel}","templated":true}]}}