{"id":3557,"date":"2020-10-02T11:18:22","date_gmt":"2020-10-02T11:18:22","guid":{"rendered":"https:\/\/www.hariduskeskus.ee\/international\/?p=3557"},"modified":"2020-10-02T11:33:21","modified_gmt":"2020-10-02T11:33:21","slug":"tootajate-grupimobiilsus-itaaliasse","status":"publish","type":"post","link":"https:\/\/www.hariduskeskus.ee\/rahvusvaheline\/tootajate-grupimobiilsus-itaaliasse\/","title":{"rendered":"T\u00f6\u00f6tajate grupimobiilsus Itaaliasse"},"content":{"rendered":"\t\t<div data-elementor-type=\"wp-post\" data-elementor-id=\"3557\" class=\"elementor elementor-3557\">\n\t\t\t\t\t\t<section class=\"penci-section penci-disSticky penci-structure-10 elementor-section elementor-top-section elementor-element elementor-element-5d3c160 elementor-section-boxed elementor-section-height-default elementor-section-height-default\" data-id=\"5d3c160\" data-element_type=\"section\" data-e-type=\"section\">\n\t\t\t\t\t\t<div class=\"elementor-container elementor-column-gap-default\">\n\t\t\t\t\t<div class=\"penci-ercol-100 penci-ercol-order-1 penci-sticky-ct    elementor-column elementor-col-100 elementor-top-column elementor-element elementor-element-62b79a2\" data-id=\"62b79a2\" data-element_type=\"column\" data-e-type=\"column\">\n\t\t\t<div class=\"elementor-widget-wrap elementor-element-populated\">\n\t\t\t\t\t\t<div class=\"elementor-element elementor-element-0b97386 elementor-widget elementor-widget-text-editor\" data-id=\"0b97386\" data-element_type=\"widget\" data-e-type=\"widget\" data-widget_type=\"text-editor.default\">\n\t\t\t\t<div class=\"elementor-widget-container\">\n\t\t\t\t\t\t\t\t\t<p>P\u00e4rnumaa Kutsehariduskeskuse t\u00f6\u00f6tajad k\u00e4isid grupimobiilsuses Itaalias 06.05-12.05.2019. P\u00f5hjalikumalt on v\u00f5imalik nende \u00f5pir\u00e4ndega tutvuda allpool olevast kokkuv\u00f5ttest:<br \/><strong>Kokkuv\u00f5te \u00f5pir\u00e4ndest Palermos<\/strong><br \/>Osalesid: Kaivo Paal, Thea Tammeleht-Abraham, Varje Tipp, Anneli Rabbi, Heili V\u00e4strik, Erna Gross, Kai-T\u00f5e Ellermaa, Viive Ollo, Karin Torin<br \/><strong>I p\u00e4ev 06.05.19<\/strong><br \/>Saabusime \u00f5htul Palermosse. Hotellis kohtusime vastuv\u00f5tja Elena Milioga SEND &#8211; organisatsioonist, kes tutvustas end ja programmi, sealhulgas meie j\u00e4rgmiste p\u00e4evade kohtumisi.<br \/><strong>II p\u00e4ev 07.05.19<\/strong><br \/>Hommikupoole k\u00fclastasime upper secondary school (14\u2013 19-aastased) l\u00fctseumi <a href=\"https:\/\/www.liceoreginamargherita.edu.it\/\">Regina Margherita<\/a>.\u00a0 Koolis on humanitaar-, keele-, muusika, majandusteaduste- ja sotsiaalvaldkonna \u00f5ppesuunad. L\u00fctseumi erinevad kallakud tegutsevad mitmes erinevas eraldi asuvas koolimajas. Kohtumine toimus direktori ja \u00f5petajatega. Tutvustati itaalia hariduss\u00fcsteemi, vahetasime kogemusi, vestlesime koolikorraldusest. <br \/>Koolimaja asus vanas kloostri hoones, mis p\u00e4rines VII sajandist. Siin \u00f5ppisid erinevad humanitaarvaldkonna \u00f5pilased. Itaalias \u00f5pivad erivajadusega \u00f5pilased tavakoolides. V\u00e4ga h\u00e4sti oli rakendatud kaasavat haridust. Koolis on enam kui 2200 \u00f5pilast, rohkem kui 300 \u00f5petajat ja 68 erivajadusega \u00f5ppijat sh k\u00e4itumisraskustega \u00f5pilased. Igas klassis oli 1-2 erivajadusega \u00f5ppijat, kelle jaoks oli tunnis abi\u00f5petaja. P\u00e4rast kooli k\u00fclastust k\u00e4isime koori proovi vaatamas. V\u00e4ga tore oli see, et ka erivajadustega \u00f5ppijad olid kaasatud.<br \/>\u00d5htupoole k\u00fclastasime ettev\u00f5tet, mis oli sarnane meie Forwardspace\u2019iga ja inkubaatoriga (Job Agency and International mobility Centre). Selles ettev\u00f5ttes t\u00f6\u00f6tasid peamiselt MT\u00dc-d ja peamine eesm\u00e4rk oli pagulaste l\u00f5imimine \u00fchiskonda (samuti t\u00f6\u00f6tasid ettev\u00f5ttes Erasmus + \u00f5pir\u00e4nde raames vahetus\u00f5pilased).<br \/>Pagulastele pakuti seal t\u00f6\u00f6d (toitlustusettev\u00f5te), nad said alustada oma firma loomisega. K\u00f5ik, kes seal on kunagi t\u00f6\u00f6tanud, nende portreed on maalitud seintele. Omanik n\u00e4itas maali, kus oli kolm pilti. Esimene pilt oli see nagu ta ise hetkel v\u00e4lja n\u00e4gi, teine nagu ta ise ennast n\u00e4gi ja kolmas, kuidas teised teda n\u00e4gid. R\u00e4\u00e4kisime seal ka ERASMUS+ projektidest ja \u00f5pilasvahetusest.<br \/><strong>III p\u00e4ev 08.05.19<\/strong><br \/>Hommikupoole k\u00fclastasime aiandit Vivaio Lo Portot, mida pidas \u00fcks perekond, kellel on selles valdkonnas pikaajalised traditsioonid. Tutvusime erinevate puude ja lilledega, maitsetaimedega ning nende kasvatamise, m\u00fc\u00fcmisega. Aiand viib ka l\u00e4bi aiandusalaseid koolitusi lastele. Tegemist on potentsiaalse praktikakohaga meie arboristi ja aianduse eriala \u00f5ppijatele.<br \/>\u00d5htul kohtusime t\u00f6\u00f6andjaga, \u00fche ettev\u00f5tjaga Palermo peat\u00e4naval, kes pidas pererestorani\/s\u00f6\u00f6gikohta. Ta oli varem pidanud a la carte restorani ja siis otsustas, et teeb head s\u00f6\u00f6ki hea hinnaga paljudele inimestele, mitte kallist s\u00f6\u00f6ki v\u00e4hestele inimestele. S\u00f6\u00f6gikohas oli elav j\u00e4rjekord ja kohti kinni ei pandud. V\u00e4ga populaarne s\u00f6\u00f6gikoht. Samas ettev\u00f5ttes oli 4 aastat tagasi praktikal meie 2 \u00f5pilast. Koha nimi oli company Bisso. Arutasime v\u00f5imalust saata oma Erasmus + \u00f5pilased praktika raames samasse ettev\u00f5ttesse. P\u00e4ev l\u00f5ppes Palermo teatris etendust nautides ja teatrit imetledes.<br \/><strong>IV p\u00e4ev 09.05.19<\/strong><br \/>Hommikul k\u00fclastasime tehnikakooli Majorana, mille suund oli p\u00f5llumajandus, informaatika ja graafiline disain. Kohtusime direktori ja \u00f5petajatega. Meile tutvustati nende kooli. Arutasime praktika v\u00f5imalusi ning samuti Erasmus+ raames \u00f5petajate t\u00f6\u00f6kogemuse vahetuse v\u00f5imalusi. \u00d5htul k\u00fclastasime Palermo vanimat tegutsevat IT ettev\u00f5tet <a href=\"https:\/\/www.chp.it\/\">Computer House Palermo.<\/a> Ettev\u00f5te tegeleb arvutite tootmisega ja erinevate IT teenuste pakkumisega. Ettev\u00f5tte hallata on ka paljud Palermo koolid. Oli v\u00f5imalus v\u00f5rrelda nende ja meie lahendusi koolide IT s\u00fcsteemide haldamisel. Samuti ka riiklike IT s\u00fcsteemide regulatsioone. Ettev\u00f5ttel on pikaajaline t\u00f6\u00f6kogemus Erasmus+ vahetus\u00f5pilastega.<br \/><strong>V p\u00e4ev 10.05.19<\/strong><br \/>K\u00fclastasime hotelli- ja teeninduse kutsekooli <a href=\"https:\/\/www.ipsseoapiazza.edu.it\/\">IPSSEOA Pietro Piazza.<\/a> Tutvusime sealse kutsehariduss\u00fcsteemiga. K\u00fclastasime pagarite \u00f5ppelaborit, kus nad valmistasid pagaritooteid. Saime degusteerida k\u00fcpsetisi. Hiljem pakkusid nad meile oma \u00f5pperestoranis 4-k\u00e4igulist l\u00f5unat. Arutasime koost\u00f6\u00f6v\u00f5imalusi \u00f5petajate ja \u00f5pilaste vahetamisel.<br \/>Kokkuv\u00f5tteks Sitsiilia hariduss\u00fcsteemist<br \/>UPPER SECONDARY koolis \u00f5pivad 14-19 aastased \u00f5pilased. On kolm suunda \u2013 humanitaar-, reaal- ja kutsehariduse suund. Humanitaar- ja reaalsuuna \u00f5piaeg on 5 aastat. Kutsehariduss\u00fcsteemis \u00f5pivad 2 aastat \u00fcldaineid ja erinevaid kutseaineid\/erialaaineid. P\u00e4rast seda teevad erialavaliku ja \u00f5pivad aasta s\u00fcvendatult kutset, millele j\u00e4rgneb kutseeksam ja t\u00f6\u00f6le minek. Kes soovib, teeb veel 2 aastat \u00fcldaineid lisaks (kui ta soovib \u00fclikooli minna). See on vabatahtlik. Nad \u00fctlesid, et kutseharidus on v\u00e4ga kallis ja seet\u00f5ttu on praktikat v\u00e4hendatud 400 tunni pealt 200 peale. Koolis \u00f5pib neil 1600 \u00f5pilast (umbes 200 t\u00f6\u00f6kohap\u00f5hises \u00f5ppes, mis on problemaatiline). Koolis on ka erivajadustega \u00f5ppijad, kelle jaoks on abi\u00f5petajad. Samuti rakendatakse koolis individuaalseid \u00f5ppekavasid. V\u00e4ljalangevus on umbes 20%. V\u00e4ga lahe oli, et teenindajatel oli \u00fchtne vorm. \u00d5pilased v\u00f5tsid meid vastu ja saatsid meid kogu visiidi v\u00e4ltel.<br \/>K\u00fclastasime ka <a href=\"http:\/\/www.ortobotanico.unipa.it\/\">Palermo botaanikaaeda<\/a>.\u00a0<\/p>\t\t\t\t\t\t\t\t<\/div>\n\t\t\t\t<\/div>\n\t\t\t\t\t<\/div>\n\t\t<\/div>\n\t\t\t\t\t<\/div>\n\t\t<\/section>\n\t\t\t\t<section class=\"penci-section penci-disSticky penci-structure-10 elementor-section elementor-top-section elementor-element elementor-element-32919cb elementor-section-boxed elementor-section-height-default elementor-section-height-default\" data-id=\"32919cb\" data-element_type=\"section\" data-e-type=\"section\">\n\t\t\t\t\t\t<div class=\"elementor-container elementor-column-gap-default\">\n\t\t\t\t\t<div class=\"penci-ercol-100 penci-ercol-order-1 penci-sticky-ct    elementor-column elementor-col-100 elementor-top-column elementor-element elementor-element-0edb3c3\" data-id=\"0edb3c3\" data-element_type=\"column\" data-e-type=\"column\">\n\t\t\t<div class=\"elementor-widget-wrap elementor-element-populated\">\n\t\t\t\t\t\t<div class=\"elementor-element elementor-element-53efd2d elementor-widget elementor-widget-image-gallery\" data-id=\"53efd2d\" data-element_type=\"widget\" data-e-type=\"widget\" data-widget_type=\"image-gallery.default\">\n\t\t\t\t<div class=\"elementor-widget-container\">\n\t\t\t\t\t\t\t<div class=\"elementor-image-gallery\">\n\t\t\t<div data-sliderid=\"64525\" id=\"penci-post-gallery__64525\" class=\"penci-post-gallery-container justified column-4\" data-height=\"150\" data-margin=\"3\"><a class=\"penci-gallery-ite item-gallery-justified\" href=\"https:\/\/www.hariduskeskus.ee\/rahvusvaheline\/wp-content\/uploads\/2020\/10\/Haridustootajate-grupimobiilsus-Itaalia-12-scaled.jpg\" data-rel=\"penci-gallery-image-content\" ><img decoding=\"async\" src=\"https:\/\/www.hariduskeskus.ee\/rahvusvaheline\/wp-content\/uploads\/2020\/10\/Haridustootajate-grupimobiilsus-Itaalia-12-585x780.jpg\" alt=\"\" title=\"Haridust\u00f6\u00f6tajate grupimobiilsus Itaalia (12)\"><\/a><a class=\"penci-gallery-ite item-gallery-justified\" href=\"https:\/\/www.hariduskeskus.ee\/rahvusvaheline\/wp-content\/uploads\/2020\/10\/Haridustootajate-grupimobiilsus-Itaalia-11-scaled.jpg\" data-rel=\"penci-gallery-image-content\" ><img decoding=\"async\" src=\"https:\/\/www.hariduskeskus.ee\/rahvusvaheline\/wp-content\/uploads\/2020\/10\/Haridustootajate-grupimobiilsus-Itaalia-11-585x439.jpg\" alt=\"\" title=\"Haridust\u00f6\u00f6tajate grupimobiilsus Itaalia (11)\"><\/a><a class=\"penci-gallery-ite item-gallery-justified\" href=\"https:\/\/www.hariduskeskus.ee\/rahvusvaheline\/wp-content\/uploads\/2020\/10\/Haridustootajate-grupimobiilsus-Itaalia-10-scaled.jpg\" data-rel=\"penci-gallery-image-content\" ><img decoding=\"async\" src=\"https:\/\/www.hariduskeskus.ee\/rahvusvaheline\/wp-content\/uploads\/2020\/10\/Haridustootajate-grupimobiilsus-Itaalia-10-585x780.jpg\" alt=\"\" title=\"Haridust\u00f6\u00f6tajate grupimobiilsus Itaalia (10)\"><\/a><a class=\"penci-gallery-ite item-gallery-justified\" href=\"https:\/\/www.hariduskeskus.ee\/rahvusvaheline\/wp-content\/uploads\/2020\/10\/Haridustootajate-grupimobiilsus-Itaalia-9-scaled.jpg\" data-rel=\"penci-gallery-image-content\" ><img decoding=\"async\" src=\"https:\/\/www.hariduskeskus.ee\/rahvusvaheline\/wp-content\/uploads\/2020\/10\/Haridustootajate-grupimobiilsus-Itaalia-9-585x780.jpg\" alt=\"\" title=\"Haridust\u00f6\u00f6tajate grupimobiilsus Itaalia (9)\"><\/a><a class=\"penci-gallery-ite item-gallery-justified\" href=\"https:\/\/www.hariduskeskus.ee\/rahvusvaheline\/wp-content\/uploads\/2020\/10\/Haridustootajate-grupimobiilsus-Itaalia-8-scaled.jpg\" data-rel=\"penci-gallery-image-content\" ><img decoding=\"async\" src=\"https:\/\/www.hariduskeskus.ee\/rahvusvaheline\/wp-content\/uploads\/2020\/10\/Haridustootajate-grupimobiilsus-Itaalia-8-585x439.jpg\" alt=\"\" title=\"Haridust\u00f6\u00f6tajate grupimobiilsus Itaalia (8)\"><\/a><a class=\"penci-gallery-ite item-gallery-justified\" href=\"https:\/\/www.hariduskeskus.ee\/rahvusvaheline\/wp-content\/uploads\/2020\/10\/Haridustootajate-grupimobiilsus-Itaalia-7-scaled.jpg\" data-rel=\"penci-gallery-image-content\" ><img decoding=\"async\" src=\"https:\/\/www.hariduskeskus.ee\/rahvusvaheline\/wp-content\/uploads\/2020\/10\/Haridustootajate-grupimobiilsus-Itaalia-7-585x780.jpg\" alt=\"\" title=\"Haridust\u00f6\u00f6tajate grupimobiilsus Itaalia (7)\"><\/a><a class=\"penci-gallery-ite item-gallery-justified\" href=\"https:\/\/www.hariduskeskus.ee\/rahvusvaheline\/wp-content\/uploads\/2020\/10\/Haridustootajate-grupimobiilsus-Itaalia-6-scaled.jpg\" data-rel=\"penci-gallery-image-content\" ><img decoding=\"async\" src=\"https:\/\/www.hariduskeskus.ee\/rahvusvaheline\/wp-content\/uploads\/2020\/10\/Haridustootajate-grupimobiilsus-Itaalia-6-585x780.jpg\" alt=\"\" title=\"Haridust\u00f6\u00f6tajate grupimobiilsus Itaalia (6)\"><\/a><a class=\"penci-gallery-ite item-gallery-justified\" href=\"https:\/\/www.hariduskeskus.ee\/rahvusvaheline\/wp-content\/uploads\/2020\/10\/Haridustootajate-grupimobiilsus-Itaalia-5-scaled.jpg\" data-rel=\"penci-gallery-image-content\" ><img decoding=\"async\" src=\"https:\/\/www.hariduskeskus.ee\/rahvusvaheline\/wp-content\/uploads\/2020\/10\/Haridustootajate-grupimobiilsus-Itaalia-5-585x780.jpg\" alt=\"\" title=\"Haridust\u00f6\u00f6tajate grupimobiilsus Itaalia (5)\"><\/a><a class=\"penci-gallery-ite item-gallery-justified\" href=\"https:\/\/www.hariduskeskus.ee\/rahvusvaheline\/wp-content\/uploads\/2020\/10\/Haridustootajate-grupimobiilsus-Itaalia-4-scaled.jpg\" data-rel=\"penci-gallery-image-content\" ><img decoding=\"async\" src=\"https:\/\/www.hariduskeskus.ee\/rahvusvaheline\/wp-content\/uploads\/2020\/10\/Haridustootajate-grupimobiilsus-Itaalia-4-585x439.jpg\" alt=\"\" title=\"Haridust\u00f6\u00f6tajate grupimobiilsus Itaalia (4)\"><\/a><a class=\"penci-gallery-ite item-gallery-justified\" href=\"https:\/\/www.hariduskeskus.ee\/rahvusvaheline\/wp-content\/uploads\/2020\/10\/Haridustootajate-grupimobiilsus-Itaalia-3-scaled.jpg\" data-rel=\"penci-gallery-image-content\" ><img decoding=\"async\" src=\"https:\/\/www.hariduskeskus.ee\/rahvusvaheline\/wp-content\/uploads\/2020\/10\/Haridustootajate-grupimobiilsus-Itaalia-3-585x780.jpg\" alt=\"\" title=\"Haridust\u00f6\u00f6tajate grupimobiilsus Itaalia (3)\"><\/a><a class=\"penci-gallery-ite item-gallery-justified\" href=\"https:\/\/www.hariduskeskus.ee\/rahvusvaheline\/wp-content\/uploads\/2020\/10\/Haridustootajate-grupimobiilsus-Itaalia-2-scaled.jpg\" data-rel=\"penci-gallery-image-content\" ><img decoding=\"async\" src=\"https:\/\/www.hariduskeskus.ee\/rahvusvaheline\/wp-content\/uploads\/2020\/10\/Haridustootajate-grupimobiilsus-Itaalia-2-585x780.jpg\" alt=\"\" title=\"Haridust\u00f6\u00f6tajate grupimobiilsus Itaalia (2)\"><\/a><a class=\"penci-gallery-ite item-gallery-justified\" href=\"https:\/\/www.hariduskeskus.ee\/rahvusvaheline\/wp-content\/uploads\/2020\/10\/Haridustootajate-grupimobiilsus-Itaalia-1-scaled.jpg\" data-rel=\"penci-gallery-image-content\" ><img decoding=\"async\" src=\"https:\/\/www.hariduskeskus.ee\/rahvusvaheline\/wp-content\/uploads\/2020\/10\/Haridustootajate-grupimobiilsus-Itaalia-1-585x780.jpg\" alt=\"\" title=\"Haridust\u00f6\u00f6tajate grupimobiilsus Itaalia (1)\"><\/a><a class=\"penci-gallery-ite item-gallery-justified\" href=\"https:\/\/www.hariduskeskus.ee\/rahvusvaheline\/wp-content\/uploads\/2020\/10\/Haridustootajate-grupimobiilsus-Itaalia-19.jpg\" data-rel=\"penci-gallery-image-content\" ><img decoding=\"async\" src=\"https:\/\/www.hariduskeskus.ee\/rahvusvaheline\/wp-content\/uploads\/2020\/10\/Haridustootajate-grupimobiilsus-Itaalia-19-585x439.jpg\" alt=\"\" title=\"Haridust\u00f6\u00f6tajate grupimobiilsus Itaalia (19)\"><\/a><a class=\"penci-gallery-ite item-gallery-justified\" href=\"https:\/\/www.hariduskeskus.ee\/rahvusvaheline\/wp-content\/uploads\/2020\/10\/Haridustootajate-grupimobiilsus-Itaalia-18-scaled.jpg\" data-rel=\"penci-gallery-image-content\" ><img decoding=\"async\" src=\"https:\/\/www.hariduskeskus.ee\/rahvusvaheline\/wp-content\/uploads\/2020\/10\/Haridustootajate-grupimobiilsus-Itaalia-18-585x439.jpg\" alt=\"\" title=\"Haridust\u00f6\u00f6tajate grupimobiilsus Itaalia (18)\"><\/a><a class=\"penci-gallery-ite item-gallery-justified\" href=\"https:\/\/www.hariduskeskus.ee\/rahvusvaheline\/wp-content\/uploads\/2020\/10\/Haridustootajate-grupimobiilsus-Itaalia-17-scaled.jpg\" data-rel=\"penci-gallery-image-content\" ><img decoding=\"async\" src=\"https:\/\/www.hariduskeskus.ee\/rahvusvaheline\/wp-content\/uploads\/2020\/10\/Haridustootajate-grupimobiilsus-Itaalia-17-585x439.jpg\" alt=\"\" title=\"Haridust\u00f6\u00f6tajate grupimobiilsus Itaalia (17)\"><\/a><a class=\"penci-gallery-ite item-gallery-justified\" href=\"https:\/\/www.hariduskeskus.ee\/rahvusvaheline\/wp-content\/uploads\/2020\/10\/Haridustootajate-grupimobiilsus-Itaalia-16-scaled.jpg\" data-rel=\"penci-gallery-image-content\" ><img decoding=\"async\" src=\"https:\/\/www.hariduskeskus.ee\/rahvusvaheline\/wp-content\/uploads\/2020\/10\/Haridustootajate-grupimobiilsus-Itaalia-16-585x780.jpg\" alt=\"\" title=\"Haridust\u00f6\u00f6tajate grupimobiilsus Itaalia (16)\"><\/a><a class=\"penci-gallery-ite item-gallery-justified\" href=\"https:\/\/www.hariduskeskus.ee\/rahvusvaheline\/wp-content\/uploads\/2020\/10\/Haridustootajate-grupimobiilsus-Itaalia-15-scaled.jpg\" data-rel=\"penci-gallery-image-content\" ><img decoding=\"async\" src=\"https:\/\/www.hariduskeskus.ee\/rahvusvaheline\/wp-content\/uploads\/2020\/10\/Haridustootajate-grupimobiilsus-Itaalia-15-585x327.jpg\" alt=\"\" title=\"Haridust\u00f6\u00f6tajate grupimobiilsus Itaalia (15)\"><\/a><a class=\"penci-gallery-ite item-gallery-justified\" href=\"https:\/\/www.hariduskeskus.ee\/rahvusvaheline\/wp-content\/uploads\/2020\/10\/Haridustootajate-grupimobiilsus-Itaalia-14-scaled.jpg\" data-rel=\"penci-gallery-image-content\" ><img decoding=\"async\" src=\"https:\/\/www.hariduskeskus.ee\/rahvusvaheline\/wp-content\/uploads\/2020\/10\/Haridustootajate-grupimobiilsus-Itaalia-14-585x439.jpg\" alt=\"\" title=\"Haridust\u00f6\u00f6tajate grupimobiilsus Itaalia (14)\"><\/a><a class=\"penci-gallery-ite item-gallery-justified\" href=\"https:\/\/www.hariduskeskus.ee\/rahvusvaheline\/wp-content\/uploads\/2020\/10\/Haridustootajate-grupimobiilsus-Itaalia-13-scaled.jpg\" data-rel=\"penci-gallery-image-content\" ><img decoding=\"async\" src=\"https:\/\/www.hariduskeskus.ee\/rahvusvaheline\/wp-content\/uploads\/2020\/10\/Haridustootajate-grupimobiilsus-Itaalia-13-585x439.jpg\" alt=\"\" title=\"Haridust\u00f6\u00f6tajate grupimobiilsus Itaalia (13)\"><\/a><\/div>\t\t<\/div>\n\t\t\t\t\t\t<\/div>\n\t\t\t\t<\/div>\n\t\t\t\t\t<\/div>\n\t\t<\/div>\n\t\t\t\t\t<\/div>\n\t\t<\/section>\n\t\t\t\t<\/div>\n\t\t","protected":false},"excerpt":{"rendered":"<p>P\u00e4rnumaa Kutsehariduskeskuse t\u00f6\u00f6tajad k\u00e4isid grupimobiilsuses Itaalias 06.05-12.05.2019. P\u00f5hjalikumalt on v\u00f5imalik nende \u00f5pir\u00e4ndega tutvuda allpool olevast kokkuv\u00f5ttest:Kokkuv\u00f5te \u00f5pir\u00e4ndest PalermosOsalesid: Kaivo Paal,&hellip;<\/p>\n","protected":false},"author":4,"featured_media":3564,"comment_status":"closed","ping_status":"open","sticky":false,"template":"","format":"standard","meta":{"_lmt_disableupdate":"","_lmt_disable":"","footnotes":""},"categories":[64,4],"tags":[],"class_list":["post-3557","post","type-post","status-publish","format-standard","has-post-thumbnail","hentry","category-2018-2019oa","category-tootajate-opiranne"],"_links":{"self":[{"href":"https:\/\/www.hariduskeskus.ee\/rahvusvaheline\/wp-json\/wp\/v2\/posts\/3557","targetHints":{"allow":["GET"]}}],"collection":[{"href":"https:\/\/www.hariduskeskus.ee\/rahvusvaheline\/wp-json\/wp\/v2\/posts"}],"about":[{"href":"https:\/\/www.hariduskeskus.ee\/rahvusvaheline\/wp-json\/wp\/v2\/types\/post"}],"author":[{"embeddable":true,"href":"https:\/\/www.hariduskeskus.ee\/rahvusvaheline\/wp-json\/wp\/v2\/users\/4"}],"replies":[{"embeddable":true,"href":"https:\/\/www.hariduskeskus.ee\/rahvusvaheline\/wp-json\/wp\/v2\/comments?post=3557"}],"version-history":[{"count":5,"href":"https:\/\/www.hariduskeskus.ee\/rahvusvaheline\/wp-json\/wp\/v2\/posts\/3557\/revisions"}],"predecessor-version":[{"id":3584,"href":"https:\/\/www.hariduskeskus.ee\/rahvusvaheline\/wp-json\/wp\/v2\/posts\/3557\/revisions\/3584"}],"wp:featuredmedia":[{"embeddable":true,"href":"https:\/\/www.hariduskeskus.ee\/rahvusvaheline\/wp-json\/wp\/v2\/media\/3564"}],"wp:attachment":[{"href":"https:\/\/www.hariduskeskus.ee\/rahvusvaheline\/wp-json\/wp\/v2\/media?parent=3557"}],"wp:term":[{"taxonomy":"category","embeddable":true,"href":"https:\/\/www.hariduskeskus.ee\/rahvusvaheline\/wp-json\/wp\/v2\/categories?post=3557"},{"taxonomy":"post_tag","embeddable":true,"href":"https:\/\/www.hariduskeskus.ee\/rahvusvaheline\/wp-json\/wp\/v2\/tags?post=3557"}],"curies":[{"name":"wp","href":"https:\/\/api.w.org\/{rel}","templated":true}]}}