{"id":3247,"date":"2020-09-28T07:47:12","date_gmt":"2020-09-28T07:47:12","guid":{"rendered":"https:\/\/www.hariduskeskus.ee\/international\/?p=3247"},"modified":"2020-09-29T12:42:59","modified_gmt":"2020-09-29T12:42:59","slug":"vaikeettevotluse-opilane-anastasia-oppepraktikal-sloveenias","status":"publish","type":"post","link":"https:\/\/www.hariduskeskus.ee\/rahvusvaheline\/vaikeettevotluse-opilane-anastasia-oppepraktikal-sloveenias\/","title":{"rendered":"V\u00e4ikeettev\u00f5tluse \u00f5pilane Anastasia \u00f5ppepraktikal Sloveenias"},"content":{"rendered":"\t\t<div data-elementor-type=\"wp-post\" data-elementor-id=\"3247\" class=\"elementor elementor-3247\">\n\t\t\t\t\t\t<section class=\"penci-section penci-disSticky penci-structure-10 elementor-section elementor-top-section elementor-element elementor-element-bc90e9e elementor-section-boxed elementor-section-height-default elementor-section-height-default\" data-id=\"bc90e9e\" data-element_type=\"section\" data-e-type=\"section\">\n\t\t\t\t\t\t<div class=\"elementor-container elementor-column-gap-default\">\n\t\t\t\t\t<div class=\"penci-ercol-100 penci-ercol-order-1 penci-sticky-ct    elementor-column elementor-col-100 elementor-top-column elementor-element elementor-element-faec417\" data-id=\"faec417\" data-element_type=\"column\" data-e-type=\"column\">\n\t\t\t<div class=\"elementor-widget-wrap elementor-element-populated\">\n\t\t\t\t\t\t<div class=\"elementor-element elementor-element-acbdbbd elementor-widget elementor-widget-text-editor\" data-id=\"acbdbbd\" data-element_type=\"widget\" data-e-type=\"widget\" data-widget_type=\"text-editor.default\">\n\t\t\t\t<div class=\"elementor-widget-container\">\n\t\t\t\t\t\t\t\t\t<p><strong>Anastasia<\/strong> <strong>Kaskla<\/strong> k\u00e4is v\u00e4ikeettev\u00f5tluse\u00a0 \u00f5ppepraktikal Erasmus+ programmiga 08.03-22.05.2020 Sloveenias. <strong>Anastasia<\/strong> tegusa ja mitmek\u00fclgse \u00f5ppepraktikaga on v\u00f5imalik tutvuda nii allpool olevast kokkuv\u00f5ttest kui postitusele lisatud video vahendusel.<\/p><p>Loe <strong>Anastasia<\/strong> praktikakokkuv\u00f5tet allpool:\u00a0<br \/>Oma teise v\u00e4ikeettev\u00f5tlusse \u00f5ppeaasta praktika sooritasin Sloveenias 08.03.2020-24.05.2020. Valisin selle riigi, kuna soovisin tutvuda Sloveenia kultuuri ja t\u00f6\u00f6korraldusega, saada uusi kogemusi v\u00e4ikeettev\u00f5tte majandamisest ning rakendada seni omandatud teadmisi praktikasse.<br \/>Praktikabaasiks oli isemajandav talu, mida juhtis noor mees, Talu majanduslik seis oli v\u00e4ga hea ja ma sain hindamatud praktikakogemused sellise \u00fchemehe talu juhtimist k\u00f5rvalt vaadates ning j\u00f5udum\u00f6\u00f6da kaasa aidates. Minu praktikal viibimise ajaks sai sellest talust ka minu kodu. Kuna elasime seal kahekesi, tuli minul kaasa l\u00fc\u00fca ka k\u00f5igis talumajapidamises tegemist vajavates t\u00f6\u00f6des. <br \/>Talus kasvatati hobuseid, oli ka paar lehma ja kanad. Talul oli lisaks loomadele oma pagarit\u00f6\u00f6koda. P\u00f5hisissetulek talule tuli ratsutamistundide andmisest ja ratsaretkede korraldamisest. Lisasissetulek pagarit\u00f6\u00f6koja toodete ja munade m\u00fc\u00fcgist. Suvisel ajal korraldati talus ka n\u00e4dala pikkuseid ratsalaagreid erinevas vanuses lastele.<br \/>P\u00e4ev algas hommikul kell 6 loomade toimetamisega. Kui loomad s\u00f6\u00f6detud, oli aeg ise hommikust s\u00fc\u00fca. Peale hommikus\u00f6\u00f6ki jagas taluperemees juhtn\u00f6\u00f6rid p\u00e4eval tegemist vajavate t\u00f6\u00f6de kohta. Praktika k\u00e4igus sain teha palju erinevaid t\u00f6id &#8211; v\u00e4rvida manee\u017ei puid, varuda hobustele noori kuuski s\u00f6\u00f6miseks jne. Samuti k\u00e4isin abiks karjaaia ehitamisel, aitasin mune korjata ja tegin muid talus ette tulevaid t\u00f6id.<br \/>L\u00f5unat valmistas taluperemees. Kolm korda n\u00e4dalas veetsin oma p\u00e4evase aja pagarit\u00f6\u00f6kojas. Minu \u00fclesandeks oli marmelaadit\u00e4idistega taskute valmistamine. Pagarit\u00f6\u00f6koja tooteid m\u00fc\u00fcdi talu k\u00fclastavatele ratsutajatele v\u00f5i kohaliku k\u00fcla elanikele. Talu k\u00f5rval oli populaarne matkarada, mis viis m\u00f6\u00f6da manee\u017eist ja see andis talu peremehele lisav\u00f5imaluse talu tooteid ja teenuseid tutvustada.<br \/>\u00d5htuti vaatasime \u00fcle p\u00e4eva sissetulekud ja v\u00e4ljaminekud ning arutasime tulevikuplaane. \u00d5htuste m\u00f5ttetalgute tulemusena s\u00fcndis idee teha inglise ja saksakeelsed reklaamvoldikud, mis olid m\u00f5eldud naaberriikide Austria ja Horvaatia turistide tallu kutsumiseks. Samuti sai minu seal viibimise ajal valmis torusall\/r\u00e4tik, mis oli talu reklaamiks. Samuti omas torusall lisaks reklaamile ka praktilist v\u00e4\u00e4rtust &#8211; olles k\u00fclmal ajal salli eest ning soojal ajal peas kandmiseks p\u00e4ikese kaitseks.<\/p><blockquote><p>See praktikakogemus annab ka mulle julguse oma ettev\u00f5tte luua ja seda edukalt majandada. Pole oluline, millega ettev\u00f5te tegeleb. Oluline on teha seda, mida sa armastad ja millesse sa usud.<\/p><\/blockquote><p>Talu peremehel oli julgus j\u00e4tta kaheksa aastat tagasi palgat\u00f6\u00f6 ning p\u00fchenduda oma talu arendamisele. Usun, et tal on see suurep\u00e4raselt \u00f5nnestunud. Soovitan seda praktikabaasi nii ettev\u00f5tluse \u00f5ppimiseks kui ka pagari ettev\u00f5tluspraktika sooritamiseks. Praktika raames saab selles talus igas asjas kaasa r\u00e4\u00e4kida ja ka k\u00e4ed k\u00fclge panna.<br \/>Samuti \u00f5ppisin tundma kohalikku kultuuri ning sain teada millised on sealse riigi rahvustoidud. Praktiseerisin inglise keelt ning \u00f5ppisin selgeks m\u00f5ned viisakusv\u00e4ljendid sloveenia keeles.<br \/>Olen oma praktika kogemusega v\u00e4ga rahul ja hindan enda praktika eesm\u00e4rkide t\u00e4itmise v\u00e4ga heaks. K\u00f5ik \u00f5piv\u00e4ljundid, mis selles praktikas ette n\u00e4htud, said edukalt sooritatud.<\/p>\t\t\t\t\t\t\t\t<\/div>\n\t\t\t\t<\/div>\n\t\t\t\t\t<\/div>\n\t\t<\/div>\n\t\t\t\t\t<\/div>\n\t\t<\/section>\n\t\t\t\t<section class=\"penci-section penci-disSticky penci-structure-10 elementor-section elementor-top-section elementor-element elementor-element-65cc8d0 elementor-section-boxed elementor-section-height-default elementor-section-height-default\" data-id=\"65cc8d0\" data-element_type=\"section\" data-e-type=\"section\">\n\t\t\t\t\t\t<div class=\"elementor-container elementor-column-gap-default\">\n\t\t\t\t\t<div class=\"penci-ercol-100 penci-ercol-order-1 penci-sticky-ct    elementor-column elementor-col-100 elementor-top-column elementor-element elementor-element-33ad8ce\" data-id=\"33ad8ce\" data-element_type=\"column\" data-e-type=\"column\">\n\t\t\t<div class=\"elementor-widget-wrap elementor-element-populated\">\n\t\t\t\t\t\t<div class=\"elementor-element elementor-element-90eab58 elementor-widget elementor-widget-video\" data-id=\"90eab58\" data-element_type=\"widget\" data-e-type=\"widget\" data-settings=\"{&quot;youtube_url&quot;:&quot;https:\\\/\\\/youtu.be\\\/P8AI46SqVdE&quot;,&quot;video_type&quot;:&quot;youtube&quot;,&quot;controls&quot;:&quot;yes&quot;}\" data-widget_type=\"video.default\">\n\t\t\t\t<div class=\"elementor-widget-container\">\n\t\t\t\t\t\t\t<div class=\"elementor-wrapper elementor-open-inline\">\n\t\t\t<div class=\"elementor-video\"><\/div>\t\t<\/div>\n\t\t\t\t\t\t<\/div>\n\t\t\t\t<\/div>\n\t\t\t\t\t<\/div>\n\t\t<\/div>\n\t\t\t\t\t<\/div>\n\t\t<\/section>\n\t\t\t\t<section class=\"penci-section penci-disSticky penci-structure-10 elementor-section elementor-top-section elementor-element elementor-element-e392d7b elementor-section-boxed elementor-section-height-default elementor-section-height-default\" data-id=\"e392d7b\" data-element_type=\"section\" data-e-type=\"section\">\n\t\t\t\t\t\t<div class=\"elementor-container elementor-column-gap-default\">\n\t\t\t\t\t<div class=\"penci-ercol-100 penci-ercol-order-1 penci-sticky-ct    elementor-column elementor-col-100 elementor-top-column elementor-element elementor-element-85eced7\" data-id=\"85eced7\" data-element_type=\"column\" data-e-type=\"column\">\n\t\t\t<div class=\"elementor-widget-wrap elementor-element-populated\">\n\t\t\t\t\t\t<div class=\"elementor-element elementor-element-f705f72 elementor-widget elementor-widget-image-gallery\" data-id=\"f705f72\" data-element_type=\"widget\" data-e-type=\"widget\" data-widget_type=\"image-gallery.default\">\n\t\t\t\t<div class=\"elementor-widget-container\">\n\t\t\t\t\t\t\t<div class=\"elementor-image-gallery\">\n\t\t\t<div data-sliderid=\"59211\" id=\"penci-post-gallery__59211\" class=\"penci-post-gallery-container justified column-4\" data-height=\"150\" data-margin=\"3\"><a class=\"penci-gallery-ite item-gallery-justified\" href=\"https:\/\/www.hariduskeskus.ee\/rahvusvaheline\/wp-content\/uploads\/2020\/09\/Anastasia-Kaskla-5.jpg\" data-rel=\"penci-gallery-image-content\" ><img decoding=\"async\" src=\"https:\/\/www.hariduskeskus.ee\/rahvusvaheline\/wp-content\/uploads\/2020\/09\/Anastasia-Kaskla-5-585x439.jpg\" alt=\"\" title=\"Anastasia Kaskla (5)\"><\/a><a class=\"penci-gallery-ite item-gallery-justified\" href=\"https:\/\/www.hariduskeskus.ee\/rahvusvaheline\/wp-content\/uploads\/2020\/09\/Anastasia-Kaskla-2.jpg\" data-rel=\"penci-gallery-image-content\" ><img decoding=\"async\" src=\"https:\/\/www.hariduskeskus.ee\/rahvusvaheline\/wp-content\/uploads\/2020\/09\/Anastasia-Kaskla-2-585x439.jpg\" alt=\"\" title=\"Anastasia Kaskla (2)\"><\/a><a class=\"penci-gallery-ite item-gallery-justified\" href=\"https:\/\/www.hariduskeskus.ee\/rahvusvaheline\/wp-content\/uploads\/2020\/09\/Anastasia-Kaskla-4.jpg\" data-rel=\"penci-gallery-image-content\" ><img decoding=\"async\" src=\"https:\/\/www.hariduskeskus.ee\/rahvusvaheline\/wp-content\/uploads\/2020\/09\/Anastasia-Kaskla-4-585x439.jpg\" alt=\"\" title=\"Anastasia Kaskla (4)\"><\/a><a class=\"penci-gallery-ite item-gallery-justified\" href=\"https:\/\/www.hariduskeskus.ee\/rahvusvaheline\/wp-content\/uploads\/2020\/09\/Anastasia-Kaskla-6.jpg\" data-rel=\"penci-gallery-image-content\" ><img decoding=\"async\" src=\"https:\/\/www.hariduskeskus.ee\/rahvusvaheline\/wp-content\/uploads\/2020\/09\/Anastasia-Kaskla-6-585x439.jpg\" alt=\"\" title=\"Anastasia Kaskla (6)\"><\/a><a class=\"penci-gallery-ite item-gallery-justified\" href=\"https:\/\/www.hariduskeskus.ee\/rahvusvaheline\/wp-content\/uploads\/2020\/09\/Anastasia-Kaskla-7.jpg\" data-rel=\"penci-gallery-image-content\" ><img decoding=\"async\" src=\"https:\/\/www.hariduskeskus.ee\/rahvusvaheline\/wp-content\/uploads\/2020\/09\/Anastasia-Kaskla-7-585x439.jpg\" alt=\"\" title=\"Anastasia Kaskla (7)\"><\/a><a class=\"penci-gallery-ite item-gallery-justified\" href=\"https:\/\/www.hariduskeskus.ee\/rahvusvaheline\/wp-content\/uploads\/2020\/09\/Anastasia-Kaskla-3.jpg\" data-rel=\"penci-gallery-image-content\" ><img decoding=\"async\" src=\"https:\/\/www.hariduskeskus.ee\/rahvusvaheline\/wp-content\/uploads\/2020\/09\/Anastasia-Kaskla-3-585x439.jpg\" alt=\"\" title=\"Anastasia Kaskla (3)\"><\/a><a class=\"penci-gallery-ite item-gallery-justified\" href=\"https:\/\/www.hariduskeskus.ee\/rahvusvaheline\/wp-content\/uploads\/2020\/09\/Anastasia-Kaskla-1.jpg\" data-rel=\"penci-gallery-image-content\" ><img decoding=\"async\" src=\"https:\/\/www.hariduskeskus.ee\/rahvusvaheline\/wp-content\/uploads\/2020\/09\/Anastasia-Kaskla-1-585x439.jpg\" alt=\"\" title=\"Anastasia Kaskla (1)\"><\/a><\/div>\t\t<\/div>\n\t\t\t\t\t\t<\/div>\n\t\t\t\t<\/div>\n\t\t\t\t\t<\/div>\n\t\t<\/div>\n\t\t\t\t\t<\/div>\n\t\t<\/section>\n\t\t\t\t<\/div>\n\t\t","protected":false},"excerpt":{"rendered":"<p>Anastasia Kaskla k\u00e4is v\u00e4ikeettev\u00f5tluse\u00a0 \u00f5ppepraktikal Erasmus+ programmiga 08.03-22.05.2020 Sloveenias. Anastasia tegusa ja mitmek\u00fclgse \u00f5ppepraktikaga on v\u00f5imalik tutvuda nii allpool olevast&hellip;<\/p>\n","protected":false},"author":4,"featured_media":3252,"comment_status":"closed","ping_status":"open","sticky":false,"template":"","format":"standard","meta":{"_lmt_disableupdate":"","_lmt_disable":"","footnotes":""},"categories":[7,53,6],"tags":[],"class_list":["post-3247","post","type-post","status-publish","format-standard","has-post-thumbnail","hentry","category-2019-2020","category-ariteenused","category-opilaste-valispraktika"],"_links":{"self":[{"href":"https:\/\/www.hariduskeskus.ee\/rahvusvaheline\/wp-json\/wp\/v2\/posts\/3247","targetHints":{"allow":["GET"]}}],"collection":[{"href":"https:\/\/www.hariduskeskus.ee\/rahvusvaheline\/wp-json\/wp\/v2\/posts"}],"about":[{"href":"https:\/\/www.hariduskeskus.ee\/rahvusvaheline\/wp-json\/wp\/v2\/types\/post"}],"author":[{"embeddable":true,"href":"https:\/\/www.hariduskeskus.ee\/rahvusvaheline\/wp-json\/wp\/v2\/users\/4"}],"replies":[{"embeddable":true,"href":"https:\/\/www.hariduskeskus.ee\/rahvusvaheline\/wp-json\/wp\/v2\/comments?post=3247"}],"version-history":[{"count":5,"href":"https:\/\/www.hariduskeskus.ee\/rahvusvaheline\/wp-json\/wp\/v2\/posts\/3247\/revisions"}],"predecessor-version":[{"id":3518,"href":"https:\/\/www.hariduskeskus.ee\/rahvusvaheline\/wp-json\/wp\/v2\/posts\/3247\/revisions\/3518"}],"wp:featuredmedia":[{"embeddable":true,"href":"https:\/\/www.hariduskeskus.ee\/rahvusvaheline\/wp-json\/wp\/v2\/media\/3252"}],"wp:attachment":[{"href":"https:\/\/www.hariduskeskus.ee\/rahvusvaheline\/wp-json\/wp\/v2\/media?parent=3247"}],"wp:term":[{"taxonomy":"category","embeddable":true,"href":"https:\/\/www.hariduskeskus.ee\/rahvusvaheline\/wp-json\/wp\/v2\/categories?post=3247"},{"taxonomy":"post_tag","embeddable":true,"href":"https:\/\/www.hariduskeskus.ee\/rahvusvaheline\/wp-json\/wp\/v2\/tags?post=3247"}],"curies":[{"name":"wp","href":"https:\/\/api.w.org\/{rel}","templated":true}]}}