{"id":2570,"date":"2020-07-06T20:23:39","date_gmt":"2020-07-06T20:23:39","guid":{"rendered":"https:\/\/www.hariduskeskus.ee\/international\/?p=2570"},"modified":"2020-10-21T11:08:40","modified_gmt":"2020-10-21T11:08:40","slug":"keevitajad-markus-kaljur-ja-tauri-seits-maltal","status":"publish","type":"post","link":"https:\/\/www.hariduskeskus.ee\/rahvusvaheline\/keevitajad-markus-kaljur-ja-tauri-seits-maltal\/","title":{"rendered":"Keevitajad Markus Kaljur ja Tauri Seits Maltal"},"content":{"rendered":"\t\t<div data-elementor-type=\"wp-post\" data-elementor-id=\"2570\" class=\"elementor elementor-2570\">\n\t\t\t\t\t\t<section class=\"penci-section penci-disSticky penci-structure-10 elementor-section elementor-top-section elementor-element elementor-element-34b7c1d elementor-section-boxed elementor-section-height-default elementor-section-height-default\" data-id=\"34b7c1d\" data-element_type=\"section\" data-e-type=\"section\">\n\t\t\t\t\t\t<div class=\"elementor-container elementor-column-gap-default\">\n\t\t\t\t\t<div class=\"penci-ercol-100 penci-ercol-order-1 penci-sticky-ct    elementor-column elementor-col-100 elementor-top-column elementor-element elementor-element-3695c41\" data-id=\"3695c41\" data-element_type=\"column\" data-e-type=\"column\">\n\t\t\t<div class=\"elementor-widget-wrap elementor-element-populated\">\n\t\t\t\t\t\t<div class=\"elementor-element elementor-element-e65bcbc elementor-widget elementor-widget-text-editor\" data-id=\"e65bcbc\" data-element_type=\"widget\" data-e-type=\"widget\" data-widget_type=\"text-editor.default\">\n\t\t\t\t<div class=\"elementor-widget-container\">\n\t\t\t\t\t\t\t\t\t<p><strong>Tauri Seits,<\/strong>\u00a0<strong>Markus Kaljur, Rando Ollo ja Kaarel N\u00f5mm\u00a0<\/strong> sooritasid keevitaja praktika Maltal 10.01.-10.02.2019. Erasmus+ v\u00e4lispraktika aitas neil laiendada silmaringi ja kutseoskusi.<\/p><p>Loe mida arvab <strong>Markus<\/strong> Maltal sooritatud praktikast:<br \/>Minu v\u00e4lipraktika toimus Maltal (10.01\u201310.02.2019). Viisime praktikat l\u00e4bi ettev\u00f5ttes nimega General Metalworks. Ettev\u00f5te tegeles erinevate v\u00e4iksemate asjadega nagu n\u00e4iteks r\u00f5du \u00e4\u00e4red ja aknatrellid. Ettev\u00f5ttes kasutati keevitusel peamiselt t\u00e4idistraati. T\u00f6\u00f6tingimused Maltal ei ole aga Eesti tingimustega v\u00f5rreldavad. Keevitusmaskid olid seal sellised, mida tuli ise vaba k\u00e4ega n\u00e4o ees hoida. T\u00f6\u00f6tavat ventilatsiooni selle ettev\u00f5tte t\u00f6\u00f6kojas ei olnud. Lisaks sellele ei peetud seal kinni k\u00f5ige elementaarsematest ohutusn\u00f5uetest. T\u00f6\u00f6lised keevitasid ilma kinnasteta, kasutasid ketasl\u00f5ikurit ilma kaitsmeteta jne. Omanikult k\u00fcsides aga toodi mulle vajalikud kaitsevahendid. Seega ei saa \u00f6elda, et tegu oli halva praktikakohaga. T\u00f6\u00f6tajatel oli ligip\u00e4\u00e4s kaitsevahenditele, neid lihtsalt ei kasutatud. T\u00f6\u00f6lised ja t\u00f6\u00f6dejuhatajad olid v\u00e4ga s\u00f5bralikud ja jutukad ning jagasid ohtralt n\u00e4pun\u00e4iteid. Keelega tuli vahest probleeme, kuna ettev\u00f5tte omanik v\u00e4ga head inglise keelt ei r\u00e4\u00e4kinud aga k\u00f5ik asjad said ikka l\u00f5puks r\u00e4\u00e4gitud.<br \/>Elukoht asus meil linnas nimega Tal-Pieta. Elukoht oli v\u00e4ga hea asukohaga, sest bussid s\u00f5itsid tihti ning pealinna Vallettasse oli vaid 5 minutiline bussis\u00f5it. Suuruselt teise linna Sliemasse oli 10 minutit s\u00f5itu. Korteriga olime ka rahul, see oli suur ja avar. Maltale j\u00f5udes saime kokku sealse praktikakorraldaja Clivega, kes r\u00e4\u00e4kis meile sealsest kultuurist, reeglitest, vaatamisv\u00e4\u00e4rsustest ja seletas bussiliiklust. Lisaks sellele saime sealt paberil t\u00e4psed juhised praktika kohtadesse jne. Praktikakohad ise olid elukohale suhteliselt l\u00e4hedal.<\/p><blockquote><p>Praktikal sain osaleda meeskonnat\u00f6\u00f6s, \u00f5ppisin t\u00f6\u00f6tama kitsamates tingimustes ning kindlasti sai sealt ka erialasele keelekasutusele hea p\u00f5hja. Leian, et selline kogemus \u00fcksk\u00f5ik, mis eriala \u00f5ppivale \u00f5pilasele on v\u00e4ga vajalik ja hariv ning mis p\u00f5hiline- huvitav ja l\u00f5bus. T\u00f6\u00f6tada t\u00e4iesti teistsuguses keskkonnas ja kasutada seejuures erialast v\u00f5\u00f5rkeelt ei ole alguses lihtne, kuid see on huvitav ja iga p\u00e4evaga \u00fcha lihtsam.<\/p><\/blockquote><p>Lisaks sellele saab v\u00e4lispraktikal olles laiendada silmaringi- tutvuda sealsete vaatamisv\u00e4\u00e4rsuste, kultuuri ja oludega. Minu kogemus v\u00e4lispraktikal oli v\u00e4ga positiivne. K\u00f5ik vajalik seletati eelnevalt kooli poolsete korraldajate poolt ning hiljem kohale j\u00f5udes sealsete korraldajate poolt. K\u00f5ik paberid saime koolis korraldajate abiga allkirjastatud. Lisaks oli meil Maltale j\u00f5udes olemas juba nimeline ja isikustatud bussikaart, millega sai h\u00f5lpsasti liikuda t\u00f6\u00f6le ja \u00fcle terve saare, et nautida k\u00f5ike seda, mida Maltal meile pakkuda oli. Oleksin kindlasti n\u00f5us sellisest v\u00f5imalusest ka teist korda kinni haarama.<\/p>\t\t\t\t\t\t\t\t<\/div>\n\t\t\t\t<\/div>\n\t\t\t\t\t<\/div>\n\t\t<\/div>\n\t\t\t\t\t<\/div>\n\t\t<\/section>\n\t\t\t\t<\/div>\n\t\t","protected":false},"excerpt":{"rendered":"<p>Tauri Seits,\u00a0Markus Kaljur, Rando Ollo ja Kaarel N\u00f5mm\u00a0 sooritasid keevitaja praktika Maltal 10.01.-10.02.2019. Erasmus+ v\u00e4lispraktika aitas neil laiendada silmaringi ja&hellip;<\/p>\n","protected":false},"author":4,"featured_media":2756,"comment_status":"closed","ping_status":"open","sticky":false,"template":"","format":"standard","meta":{"_lmt_disableupdate":"","_lmt_disable":"","footnotes":""},"categories":[8,46,6],"tags":[],"class_list":["post-2570","post","type-post","status-publish","format-standard","has-post-thumbnail","hentry","category-2018-2019","category-mehaanika-ja-metallitootlus","category-opilaste-valispraktika"],"_links":{"self":[{"href":"https:\/\/www.hariduskeskus.ee\/rahvusvaheline\/wp-json\/wp\/v2\/posts\/2570","targetHints":{"allow":["GET"]}}],"collection":[{"href":"https:\/\/www.hariduskeskus.ee\/rahvusvaheline\/wp-json\/wp\/v2\/posts"}],"about":[{"href":"https:\/\/www.hariduskeskus.ee\/rahvusvaheline\/wp-json\/wp\/v2\/types\/post"}],"author":[{"embeddable":true,"href":"https:\/\/www.hariduskeskus.ee\/rahvusvaheline\/wp-json\/wp\/v2\/users\/4"}],"replies":[{"embeddable":true,"href":"https:\/\/www.hariduskeskus.ee\/rahvusvaheline\/wp-json\/wp\/v2\/comments?post=2570"}],"version-history":[{"count":5,"href":"https:\/\/www.hariduskeskus.ee\/rahvusvaheline\/wp-json\/wp\/v2\/posts\/2570\/revisions"}],"predecessor-version":[{"id":4082,"href":"https:\/\/www.hariduskeskus.ee\/rahvusvaheline\/wp-json\/wp\/v2\/posts\/2570\/revisions\/4082"}],"wp:featuredmedia":[{"embeddable":true,"href":"https:\/\/www.hariduskeskus.ee\/rahvusvaheline\/wp-json\/wp\/v2\/media\/2756"}],"wp:attachment":[{"href":"https:\/\/www.hariduskeskus.ee\/rahvusvaheline\/wp-json\/wp\/v2\/media?parent=2570"}],"wp:term":[{"taxonomy":"category","embeddable":true,"href":"https:\/\/www.hariduskeskus.ee\/rahvusvaheline\/wp-json\/wp\/v2\/categories?post=2570"},{"taxonomy":"post_tag","embeddable":true,"href":"https:\/\/www.hariduskeskus.ee\/rahvusvaheline\/wp-json\/wp\/v2\/tags?post=2570"}],"curies":[{"name":"wp","href":"https:\/\/api.w.org\/{rel}","templated":true}]}}