{"id":2547,"date":"2020-07-06T19:55:06","date_gmt":"2020-07-06T19:55:06","guid":{"rendered":"https:\/\/www.hariduskeskus.ee\/international\/?p=2547"},"modified":"2020-09-01T12:12:53","modified_gmt":"2020-09-01T12:12:53","slug":"it-opilane-mirko-kaarats-hispaanias","status":"publish","type":"post","link":"https:\/\/www.hariduskeskus.ee\/rahvusvaheline\/it-opilane-mirko-kaarats-hispaanias\/","title":{"rendered":"IT \u00f5pilane Mirko K\u00e4\u00e4rats Hispaanias"},"content":{"rendered":"\t\t<div data-elementor-type=\"wp-post\" data-elementor-id=\"2547\" class=\"elementor elementor-2547\">\n\t\t\t\t\t\t<section class=\"penci-section penci-disSticky penci-structure-10 elementor-section elementor-top-section elementor-element elementor-element-a7eae08 elementor-section-boxed elementor-section-height-default elementor-section-height-default\" data-id=\"a7eae08\" data-element_type=\"section\" data-e-type=\"section\">\n\t\t\t\t\t\t<div class=\"elementor-container elementor-column-gap-default\">\n\t\t\t\t\t<div class=\"penci-ercol-100 penci-ercol-order-1 penci-sticky-ct    elementor-column elementor-col-100 elementor-top-column elementor-element elementor-element-8209c8a\" data-id=\"8209c8a\" data-element_type=\"column\" data-e-type=\"column\">\n\t\t\t<div class=\"elementor-widget-wrap elementor-element-populated\">\n\t\t\t\t\t\t<div class=\"elementor-element elementor-element-920a8f6 elementor-widget elementor-widget-text-editor\" data-id=\"920a8f6\" data-element_type=\"widget\" data-e-type=\"widget\" data-widget_type=\"text-editor.default\">\n\t\t\t\t<div class=\"elementor-widget-container\">\n\t\t\t\t\t\t\t\t\t<p>IT eriala \u00f5pilane <strong>Mirko K\u00e4\u00e4rats<\/strong> k\u00e4is 04.02.-07.03.2019 Erasmus+ programmiga Hispaanias. Ta peatus Gijoni linnas ning tal avanes v\u00f5imalus enda kutseoskusi praktiseerida sealses linnavalitsuses.<\/p><p>Loe mida p\u00f5nevat <strong>Mirko<\/strong> Gijoni linnavalitsuses teha sai:<br \/>Praktika toimus 05.02.2019-06.03.2019 Hispaanias Gijoni linnavalitsuses. Eesm\u00e4rk oli \u00f5ppida v\u00e4lisriigi t\u00f6\u00f6kultuuri ja olla v\u00e4\u00e4rtuslik liige praktikaettev\u00f5ttes. Gijoni (v\u00f5i Xixon) linnavalitsus asutati umbes 19. sajandil. Linn ise on eksisteerinud juba sadu aastaid. Selle eesm\u00e4rk on juhtida linna, s.h tegeleda eelarvega ning muude administreerivate otsustega. Selle juht (ehk siis linnapea) on Carmen Moriy\u00f3n. Linnavalitsuse maja on suur ning t\u00f6\u00f6tajaid on neil palju. Neil on mitu eraldi hoonet, kuhu k\u00f5ik t\u00f6\u00f6 on jaotatud. Mina t\u00f6\u00f6tasin peahoone allkorrusel. <br \/>Praktikal ma enamasti tegelesin nende veebilehe piltide formaadi muutmisega, et nad oleksid k\u00f5ik 4:3 formaadis. Peale seda ma veel tegelesin paari skriptiga, mis muutsid faili loomiskuup\u00e4eva ning n\u00e4itas selle andmeid. Ma sain nende \u00fclesannetega p\u00e4ris h\u00e4sti hakkama. N\u00e4dalavahetusel t\u00f6\u00f6d ei olnud.<br \/>Hispaanias ma \u00f5ppisin \u00fcsna palju. N\u00e4iteks on nende t\u00f6\u00f6kultuur v\u00e4ga erinev meist. Neil on v\u00e4ga palju vaba aega ning vabadust tegeleda, nii nagu nad ise soovivad. Vabal ajal ma liikusin palju m\u00f6\u00f6da linna ringi, ning n\u00e4gin, et ka nende liiklus on meist erinev. Seal ei tehta eriti v\u00e4lja, kui \u00fclek\u00e4igu rajal on punane tuli. Vaadatakse, et lihtsalt autot ei tuleks ning siis minnakse. <br \/>Praktikakohal ise ma v\u00e4ga palju uut ei \u00f5ppinud. Eks neil polnud v\u00e4ga aega mind \u00f5petada, kuna t\u00f6\u00f6 oli ka neil tihe. Nende piltide muutmiseks ma lihtsalt kasutasin Drupal\u2019i liidest. Peale selle, pidin enamus oma informatsiooni ise otsima. T\u00f6\u00f6pauside ajal ma istusin lihtsalt internetis ning lugesin uudiseid. Praktikal oleks soovinud ma rohkem tegeleda riistvaraga, nagu mu praktika kaaslased. Samuti oleks v\u00f5inud olla ka WiFit, mis neil k\u00fcll oli, aga see oli avatud ainult t\u00f6\u00f6tajatele. <br \/>Probleemid tulid rohkem keelega. Kuna mina hispaania keelt ei osanud ning nemad inglise keelt ka v\u00e4ga mitte, siis oli v\u00e4ga raske k\u00fcsida abi v\u00f5i muud. \u00d5nneks siiski suutsime enam v\u00e4hem \u00fcksteisega suhelda, kuna \u00fcks mu kolleegidest oskas siiski \u00fcsna h\u00e4sti inglise keelt.<\/p><blockquote><p>V\u00e4lispraktikale minnes soovitan \u00f5ppida natuke sihtriigist ning linnast. Kui ma l\u00e4ksin sinna polnud mul \u00f5rna aimugi, kus midagi oli v\u00f5i mida \u00fcldsegi teha sai. Muidugi eks seal olles saab ka otsida, kuid ennem teada on palju parem.<\/p><\/blockquote><p>Aga nende elu nii v\u00e4ga erinev ei ole. Seal on paljugi sarnast Eestiga, ainult, et keel on teistsugune. Nii, et ma soovitan v\u00e4ga minna v\u00e4lispraktikale, sa saad nii t\u00f6\u00f6kogemust kui ka reisikogemust.<\/p>\t\t\t\t\t\t\t\t<\/div>\n\t\t\t\t<\/div>\n\t\t\t\t\t<\/div>\n\t\t<\/div>\n\t\t\t\t\t<\/div>\n\t\t<\/section>\n\t\t\t\t<\/div>\n\t\t","protected":false},"excerpt":{"rendered":"<p>IT eriala \u00f5pilane Mirko K\u00e4\u00e4rats k\u00e4is 04.02.-07.03.2019 Erasmus+ programmiga Hispaanias. Ta peatus Gijoni linnas ning tal avanes v\u00f5imalus enda kutseoskusi&hellip;<\/p>\n","protected":false},"author":4,"featured_media":2756,"comment_status":"closed","ping_status":"open","sticky":false,"template":"","format":"standard","meta":{"_lmt_disableupdate":"","_lmt_disable":"","footnotes":""},"categories":[8,43,6],"tags":[],"class_list":["post-2547","post","type-post","status-publish","format-standard","has-post-thumbnail","hentry","category-2018-2019","category-info-ja-kommunikatsiooni-tehnoloogia","category-opilaste-valispraktika"],"_links":{"self":[{"href":"https:\/\/www.hariduskeskus.ee\/rahvusvaheline\/wp-json\/wp\/v2\/posts\/2547","targetHints":{"allow":["GET"]}}],"collection":[{"href":"https:\/\/www.hariduskeskus.ee\/rahvusvaheline\/wp-json\/wp\/v2\/posts"}],"about":[{"href":"https:\/\/www.hariduskeskus.ee\/rahvusvaheline\/wp-json\/wp\/v2\/types\/post"}],"author":[{"embeddable":true,"href":"https:\/\/www.hariduskeskus.ee\/rahvusvaheline\/wp-json\/wp\/v2\/users\/4"}],"replies":[{"embeddable":true,"href":"https:\/\/www.hariduskeskus.ee\/rahvusvaheline\/wp-json\/wp\/v2\/comments?post=2547"}],"version-history":[{"count":5,"href":"https:\/\/www.hariduskeskus.ee\/rahvusvaheline\/wp-json\/wp\/v2\/posts\/2547\/revisions"}],"predecessor-version":[{"id":2946,"href":"https:\/\/www.hariduskeskus.ee\/rahvusvaheline\/wp-json\/wp\/v2\/posts\/2547\/revisions\/2946"}],"wp:featuredmedia":[{"embeddable":true,"href":"https:\/\/www.hariduskeskus.ee\/rahvusvaheline\/wp-json\/wp\/v2\/media\/2756"}],"wp:attachment":[{"href":"https:\/\/www.hariduskeskus.ee\/rahvusvaheline\/wp-json\/wp\/v2\/media?parent=2547"}],"wp:term":[{"taxonomy":"category","embeddable":true,"href":"https:\/\/www.hariduskeskus.ee\/rahvusvaheline\/wp-json\/wp\/v2\/categories?post=2547"},{"taxonomy":"post_tag","embeddable":true,"href":"https:\/\/www.hariduskeskus.ee\/rahvusvaheline\/wp-json\/wp\/v2\/tags?post=2547"}],"curies":[{"name":"wp","href":"https:\/\/api.w.org\/{rel}","templated":true}]}}