{"id":2520,"date":"2020-07-02T16:58:27","date_gmt":"2020-07-02T16:58:27","guid":{"rendered":"https:\/\/www.hariduskeskus.ee\/international\/?p=2520"},"modified":"2020-08-24T08:31:54","modified_gmt":"2020-08-24T08:31:54","slug":"elektrikud-reemo-ja-diniito-saksamaal","status":"publish","type":"post","link":"https:\/\/www.hariduskeskus.ee\/rahvusvaheline\/elektrikud-reemo-ja-diniito-saksamaal\/","title":{"rendered":"Elektrikud Reemo ja Diniito Saksamaal"},"content":{"rendered":"\t\t<div data-elementor-type=\"wp-post\" data-elementor-id=\"2520\" class=\"elementor elementor-2520\">\n\t\t\t\t\t\t<section class=\"penci-section penci-disSticky penci-structure-10 elementor-section elementor-top-section elementor-element elementor-element-3aaf733 elementor-section-boxed elementor-section-height-default elementor-section-height-default\" data-id=\"3aaf733\" data-element_type=\"section\" data-e-type=\"section\">\n\t\t\t\t\t\t<div class=\"elementor-container elementor-column-gap-default\">\n\t\t\t\t\t<div class=\"penci-ercol-100 penci-ercol-order-1 penci-sticky-ct    elementor-column elementor-col-100 elementor-top-column elementor-element elementor-element-7d449cb\" data-id=\"7d449cb\" data-element_type=\"column\" data-e-type=\"column\">\n\t\t\t<div class=\"elementor-widget-wrap elementor-element-populated\">\n\t\t\t\t\t\t<div class=\"elementor-element elementor-element-e252a14 elementor-widget elementor-widget-text-editor\" data-id=\"e252a14\" data-element_type=\"widget\" data-e-type=\"widget\" data-widget_type=\"text-editor.default\">\n\t\t\t\t<div class=\"elementor-widget-container\">\n\t\t\t\t\t\t\t\t\t<p>Elektriku eriala \u00f5pilased <strong>Reemo J\u00fcrgens<\/strong> ja <strong>Diniito Toom<\/strong> k\u00e4isid Erasmus+ programmiga Saksamaal. V\u00e4lispraktikat sooritasid nad linnas Erfurt, ajavahemikul 08.04.-09.05.2019. Praktilise t\u00f6\u00f6kogemuse ja teadmised said nad ettev\u00f5ttes Birkefeld Elektrik.<\/p><p>Loe mida <strong>Diniito<\/strong> arvab v\u00e4lispraktikast:<br \/>Minu praktika toimus 08.04.19-09.05.19 Saksamaal linnas Erfurt. Praktika sooritasin ettev\u00f5ttes Birkefeld Elektrik. Minu eesm\u00e4rgid praktikale minnes olid v\u00f5rrelda eesti ja saksa elektrikute erinevusi ja v\u00f5tta kaasa v\u00f5imalikult palju kasulikke oskusi ja teadmisi. Samas oli \u00fclisuur soov n\u00e4ha, kuidas k\u00e4ib elu mujal maailmas.<br \/>Birkefeld Elektrik on ettev\u00f5te, mis tegeleb peamiselt \u00fcldelektrit\u00f6\u00f6dega, kuid ka vajadusel automaatika t\u00f6\u00f6dega. Ettev\u00f5ttes on 27 t\u00f6\u00f6tajat, kellest minul oli \u00f5nne kohtuda vaid neljaga. T\u00f6\u00f6keskkond firmas oli v\u00e4ga m\u00f5nus. Iga p\u00e4ev oli r\u00f5\u00f5m t\u00f6\u00f6d teha. <br \/>Minu peamised \u00fclesanded praktikal olid Gerdi abistamine, kuna tema oli minu praktikajuhendaja. Mulle v\u00e4ga meeldis, et ta kogu aeg seletas, et miks midagi vaja on teha ja kuidas see t\u00f6\u00f6tab. Seet\u00f5ttu sain ise ka palju uusi asju proovida, millest Eestis oli vaid r\u00e4\u00e4gitud. N\u00e4iteks teatud oludes on vaja seina l\u00e4bistavate kaablite m\u00f5lemad seinapoolsed augukohad t\u00e4ita vastava tulekindla pahtliga ja v\u00e4rviga , et takistada tule levikut. N\u00fc\u00fcd saab k\u00f5iki neid uusi oskuseid Eestis rakendada ja ma usun, et see kogemus saab tulevikus kasulik olema. <br \/>Saksamaal t\u00f6\u00f6tades n\u00e4gin v\u00e4ga palju selliseid t\u00f6\u00f6vahendeid, mida Eestis pole, aga mis kindlasti oleksid kasulikud. Peamised t\u00f6\u00f6v\u00f5tted ja seadused on k\u00f5ik samad, mis Eestis. Kui keegi soovib samasse kohta praktikale minna, soovitan tal t\u00f5sisemalt saksa keelt \u00f5ppida. Kuna tegu on vana Ida-Saksamaa osaga, siis seal ei r\u00e4\u00e4gita v\u00e4ga palju inglise keelt ja see v\u00f5ib suhtlemises ummikuid tekitada. Ka minul oli olukord, kus uurisin kalastuslubade kohta ja siis k\u00e4is peamine suhtlus l\u00e4bi google t\u00f5lke. Ma usun, et nii m\u00f5ndagi l\u00e4ks kaotsi. Seega saksa keele oskus on seal v\u00e4ga oluline.<br \/>Saksamaal olles m\u00e4rkasin, et Eesti ja Saksa inimesed on \u00fcpris erinevad. Saksa inimesed kardavad v\u00e4ga k\u00fclma ja pimedat &#8211; k\u00fclmadel \u00f5htutel ja peale kaheksat inimesed enam naljalt v\u00e4ljas ei liigu.<br \/>Saksamaal olles sain aru, et minu tulevik on ikkagi Eestis, olenemata palganumbrist, sest eesti keelne t\u00f6\u00f6keskkond ja elukeskkond on \u00f5nnelikuks eluks ja t\u00f6\u00f6tamiseks olulised. Lisaks oli toit ka niiv\u00f5rd erinev &#8211; n\u00e4iteks ei saanud tavalist v\u00f5ileibagi teha, sest vorsti oli ainult \u00fchte sorti ja see ei maitsenud. \u00dches\u00f5naga Eestis ma elan ja eestisse j\u00e4\u00e4n<\/p>\t\t\t\t\t\t\t\t<\/div>\n\t\t\t\t<\/div>\n\t\t\t\t\t<\/div>\n\t\t<\/div>\n\t\t\t\t\t<\/div>\n\t\t<\/section>\n\t\t\t\t<section class=\"penci-section penci-disSticky penci-structure-10 elementor-section elementor-top-section elementor-element elementor-element-2c9dfc3 elementor-section-boxed elementor-section-height-default elementor-section-height-default\" data-id=\"2c9dfc3\" data-element_type=\"section\" data-e-type=\"section\">\n\t\t\t\t\t\t<div class=\"elementor-container elementor-column-gap-default\">\n\t\t\t\t\t<div class=\"penci-ercol-100 penci-ercol-order-1 penci-sticky-ct    elementor-column elementor-col-100 elementor-top-column elementor-element elementor-element-424d4f7\" data-id=\"424d4f7\" data-element_type=\"column\" data-e-type=\"column\">\n\t\t\t<div class=\"elementor-widget-wrap elementor-element-populated\">\n\t\t\t\t\t\t<div class=\"elementor-element elementor-element-5c191c6 elementor-widget elementor-widget-penci-image-gallery\" data-id=\"5c191c6\" data-element_type=\"widget\" data-e-type=\"widget\" data-widget_type=\"penci-image-gallery.default\">\n\t\t\t\t<div class=\"elementor-widget-container\">\n\t\t\t\t\t        <div data-sliderid=\"76743\" id=\"penci-image_gallery_76743\"\n             class=\"penci-block-vc penci-image-gallery penci-image-gallery-s1 pencisc-grid-3 pencisc-grid-tablet-2 pencisc-grid-mobile-1\">\n\t\t\t            <div class=\"penci-block_content  pencisc-grid\">\n\t\t\t\t                <div class=\"penci-gallery-item penci-galitem-1\">\n                    <a  data-bgset=\"https:\/\/www.hariduskeskus.ee\/rahvusvaheline\/wp-content\/uploads\/2020\/07\/Reemo-ja-Diniito-Saksamaal-768x575.jpg\" class=\"penci-lazy penci-gallery-ite penci-image-holder penci-image-landscape\"\n                       href=\"https:\/\/www.hariduskeskus.ee\/rahvusvaheline\/wp-content\/uploads\/2020\/07\/Reemo-ja-Diniito-Saksamaal.jpg\"  data-cap=\"Reemo ja Diniito Saksamaal praktikal\">\n\t\t\t\t\t\t<span class=\"caption\">Reemo ja Diniito Saksamaal praktikal<\/span>                                                <i class=\"penciicon-expand\"><\/i>\n                    <\/a>\n                <\/div>\n\t\t\t\t                <div class=\"penci-gallery-item penci-galitem-2\">\n                    <a  data-bgset=\"https:\/\/www.hariduskeskus.ee\/rahvusvaheline\/wp-content\/uploads\/2020\/07\/Reemo-ja-Diniito-Saksamaal-1-768x576.jpg\" class=\"penci-lazy penci-gallery-ite penci-image-holder penci-image-landscape\"\n                       href=\"https:\/\/www.hariduskeskus.ee\/rahvusvaheline\/wp-content\/uploads\/2020\/07\/Reemo-ja-Diniito-Saksamaal-1-1170x878.jpg\"  data-cap=\"Reemo ja Diniito Saksamaal\">\n\t\t\t\t\t\t<span class=\"caption\">Reemo ja Diniito Saksamaal<\/span>                                                <i class=\"penciicon-expand\"><\/i>\n                    <\/a>\n                <\/div>\n\t\t\t\t            <\/div>\n        <\/div>\n\t\t\t\t\t\t<\/div>\n\t\t\t\t<\/div>\n\t\t\t\t\t<\/div>\n\t\t<\/div>\n\t\t\t\t\t<\/div>\n\t\t<\/section>\n\t\t\t\t<\/div>\n\t\t","protected":false},"excerpt":{"rendered":"<p>Elektriku eriala \u00f5pilased Reemo J\u00fcrgens ja Diniito Toom k\u00e4isid Erasmus+ programmiga Saksamaal. V\u00e4lispraktikat sooritasid nad linnas Erfurt, ajavahemikul 08.04.-09.05.2019. Praktilise&hellip;<\/p>\n","protected":false},"author":4,"featured_media":2524,"comment_status":"closed","ping_status":"open","sticky":false,"template":"","format":"standard","meta":{"_lmt_disableupdate":"","_lmt_disable":"","footnotes":""},"categories":[8,41,6],"tags":[],"class_list":["post-2520","post","type-post","status-publish","format-standard","has-post-thumbnail","hentry","category-2018-2019","category-energeetika-ja-automaatika","category-opilaste-valispraktika"],"_links":{"self":[{"href":"https:\/\/www.hariduskeskus.ee\/rahvusvaheline\/wp-json\/wp\/v2\/posts\/2520","targetHints":{"allow":["GET"]}}],"collection":[{"href":"https:\/\/www.hariduskeskus.ee\/rahvusvaheline\/wp-json\/wp\/v2\/posts"}],"about":[{"href":"https:\/\/www.hariduskeskus.ee\/rahvusvaheline\/wp-json\/wp\/v2\/types\/post"}],"author":[{"embeddable":true,"href":"https:\/\/www.hariduskeskus.ee\/rahvusvaheline\/wp-json\/wp\/v2\/users\/4"}],"replies":[{"embeddable":true,"href":"https:\/\/www.hariduskeskus.ee\/rahvusvaheline\/wp-json\/wp\/v2\/comments?post=2520"}],"version-history":[{"count":5,"href":"https:\/\/www.hariduskeskus.ee\/rahvusvaheline\/wp-json\/wp\/v2\/posts\/2520\/revisions"}],"predecessor-version":[{"id":2739,"href":"https:\/\/www.hariduskeskus.ee\/rahvusvaheline\/wp-json\/wp\/v2\/posts\/2520\/revisions\/2739"}],"wp:featuredmedia":[{"embeddable":true,"href":"https:\/\/www.hariduskeskus.ee\/rahvusvaheline\/wp-json\/wp\/v2\/media\/2524"}],"wp:attachment":[{"href":"https:\/\/www.hariduskeskus.ee\/rahvusvaheline\/wp-json\/wp\/v2\/media?parent=2520"}],"wp:term":[{"taxonomy":"category","embeddable":true,"href":"https:\/\/www.hariduskeskus.ee\/rahvusvaheline\/wp-json\/wp\/v2\/categories?post=2520"},{"taxonomy":"post_tag","embeddable":true,"href":"https:\/\/www.hariduskeskus.ee\/rahvusvaheline\/wp-json\/wp\/v2\/tags?post=2520"}],"curies":[{"name":"wp","href":"https:\/\/api.w.org\/{rel}","templated":true}]}}